{"id":33184,"date":"2023-06-21T11:52:07","date_gmt":"2023-06-21T09:52:07","guid":{"rendered":"https:\/\/bocaux-and-co.fr\/?p=33184"},"modified":"2023-06-21T11:52:07","modified_gmt":"2023-06-21T09:52:07","slug":"video-france-3-bfc-20-juin-2023","status":"publish","type":"post","link":"https:\/\/www.studio.eklozia.fr\/bocauxco\/video-france-3-bfc-20-juin-2023\/","title":{"rendered":"[ vid\u00e9o ] France 3 BFC- 20 juin 2023"},"content":{"rendered":"\n<p>Bocaux&amp;co est pass\u00e9 sur France 3 BFC mardi 20 juin 2023 ! <\/p>\n\n\n\n<p>L&rsquo;occasion de montrer tout ce qui se cache derri\u00e8re les bocaux r\u00e9employ\u00e9s, 3 salari\u00e9es et les b\u00e9n\u00e9voles. On y suit le trajet d&rsquo;un bocal collect\u00e9 jusqu&rsquo;au r\u00e9emploi : collecte, tri, traitement, conditionnement, vente et r\u00e9emploi par un professionnel local.<\/p>\n\n\n\n<p>Pour cela, la Fourmili\u00e8re (point de collecte Bocaux&amp;co) a ouvert ses portes ce qui a permis de voir les 13 bocaux collect\u00e9s. Le notre voyage dans la boutique-atelier puis une rencontre s&rsquo;est faite avec le producteur \u00ab\u00a0La Note du Colibri\u00a0\u00bb. <br>C&rsquo;est une belle mise en avant du circuit du r\u00e9emploi que vous pouvez retrouver sur France 3 BFC.<\/p>\n\n\n\n<figure class=\"wp-block-video\"><video height=\"720\" style=\"aspect-ratio: 1280 \/ 720;\" width=\"1280\" controls src=\"https:\/\/www.studio.eklozia.fr\/bocauxco\/wp-content\/uploads\/2023\/07\/2023_06_15_bocaux_and_co.mp4\"><\/video><\/figure>\n\n\n","protected":false},"excerpt":{"rendered":"<p>France 3 BFC suit le trajet d&rsquo;un bocal de la collecte jusqu&rsquo;au r\u00e9emploi. <\/p>\n","protected":false},"author":1,"featured_media":33207,"comment_status":"open","ping_status":"open","sticky":false,"template":"","format":"standard","meta":{"_et_pb_use_builder":"","_et_pb_old_content":"","_et_gb_content_width":"","footnotes":""},"categories":[37],"tags":[],"class_list":["post-33184","post","type-post","status-publish","format-standard","has-post-thumbnail","hentry","category-medias"],"_links":{"self":[{"href":"https:\/\/www.studio.eklozia.fr\/bocauxco\/wp-json\/wp\/v2\/posts\/33184","targetHints":{"allow":["GET"]}}],"collection":[{"href":"https:\/\/www.studio.eklozia.fr\/bocauxco\/wp-json\/wp\/v2\/posts"}],"about":[{"href":"https:\/\/www.studio.eklozia.fr\/bocauxco\/wp-json\/wp\/v2\/types\/post"}],"author":[{"embeddable":true,"href":"https:\/\/www.studio.eklozia.fr\/bocauxco\/wp-json\/wp\/v2\/users\/1"}],"replies":[{"embeddable":true,"href":"https:\/\/www.studio.eklozia.fr\/bocauxco\/wp-json\/wp\/v2\/comments?post=33184"}],"version-history":[{"count":0,"href":"https:\/\/www.studio.eklozia.fr\/bocauxco\/wp-json\/wp\/v2\/posts\/33184\/revisions"}],"wp:featuredmedia":[{"embeddable":true,"href":"https:\/\/www.studio.eklozia.fr\/bocauxco\/wp-json\/wp\/v2\/media\/33207"}],"wp:attachment":[{"href":"https:\/\/www.studio.eklozia.fr\/bocauxco\/wp-json\/wp\/v2\/media?parent=33184"}],"wp:term":[{"taxonomy":"category","embeddable":true,"href":"https:\/\/www.studio.eklozia.fr\/bocauxco\/wp-json\/wp\/v2\/categories?post=33184"},{"taxonomy":"post_tag","embeddable":true,"href":"https:\/\/www.studio.eklozia.fr\/bocauxco\/wp-json\/wp\/v2\/tags?post=33184"}],"curies":[{"name":"wp","href":"https:\/\/api.w.org\/{rel}","templated":true}]}}