{"id":33227,"date":"2023-07-07T13:39:03","date_gmt":"2023-07-07T11:39:03","guid":{"rendered":"https:\/\/bocaux-and-co.fr\/?p=33227"},"modified":"2023-07-07T13:39:03","modified_gmt":"2023-07-07T11:39:03","slug":"article-ademe-juillet-aout-2023","status":"publish","type":"post","link":"https:\/\/www.studio.eklozia.fr\/bocauxco\/article-ademe-juillet-aout-2023\/","title":{"rendered":"[ article ] ADEME &#8211; juillet-ao\u00fbt 2023"},"content":{"rendered":"\n<p>Bocaux&amp;co a la chance d&rsquo;avoir un article dans le magazine de l&rsquo;ADEME, n\u00b0 juillet-ao\u00fbt 2023 : \u00ab\u00a0Bocaux&amp;co veut cr\u00e9er de l\u2019emploi avec&nbsp;le&nbsp;r\u00e9emploi\u00a0\u00bb.<\/p>\n\n\n\n<p>L&rsquo;ADEME met en avant l&rsquo;exp\u00e9rimentation de collecte de bocaux men\u00e9e de septembre \u00e0 ao\u00fbt 2021. Cette exp\u00e9rimentation a permis \u00e0 l&rsquo;association de calculer le taux de r\u00e9emploi des bocaux par les professionnels locaux, soit 30%. En vue d&rsquo;am\u00e9liorer le r\u00e9emploi, de nouvelles <a href=\"https:\/\/bocaux-and-co.fr\/collecte\/\" target=\"_blank\" rel=\"noreferrer noopener nofollow\">modalit\u00e9s de collecte<\/a> ont \u00e9t\u00e9 mises en place.<\/p>\n\n\n\n<p>Retrouvez l&rsquo;article complet <a href=\"https:\/\/infos.ademe.fr\/article-magazine\/bocauxco-veut-creer-de-lemploi-avec-le-reemploi\/\" target=\"_blank\" rel=\"noreferrer noopener nofollow\">ici <\/a>! <\/p>\n\n\n\n<figure class=\"wp-block-image size-full\"><img decoding=\"async\" width=\"489\" height=\"580\" src=\"https:\/\/www.studio.eklozia.fr\/bocauxco\/wp-content\/uploads\/2023\/07\/image.png\" alt=\"Article tir\u00e9 de l'ADEME\" class=\"wp-image-33229\" srcset=\"https:\/\/www.studio.eklozia.fr\/bocauxco\/wp-content\/uploads\/2023\/07\/image.png 489w, https:\/\/www.studio.eklozia.fr\/bocauxco\/wp-content\/uploads\/2023\/07\/image-480x569.png 480w\" sizes=\"(min-width: 0px) and (max-width: 480px) 480px, (min-width: 481px) 489px, 100vw\" \/><\/figure>\n\n\n","protected":false},"excerpt":{"rendered":"<p>L&rsquo;initiative de consigne [ramenez-moi] par bocaux&#038;co est mentionn\u00e9e dans le magazine de l&rsquo;ADEME ! <\/p>\n","protected":false},"author":1,"featured_media":33282,"comment_status":"open","ping_status":"open","sticky":false,"template":"","format":"standard","meta":{"_et_pb_use_builder":"","_et_pb_old_content":"","_et_gb_content_width":"","footnotes":""},"categories":[37],"tags":[],"class_list":["post-33227","post","type-post","status-publish","format-standard","has-post-thumbnail","hentry","category-medias"],"_links":{"self":[{"href":"https:\/\/www.studio.eklozia.fr\/bocauxco\/wp-json\/wp\/v2\/posts\/33227","targetHints":{"allow":["GET"]}}],"collection":[{"href":"https:\/\/www.studio.eklozia.fr\/bocauxco\/wp-json\/wp\/v2\/posts"}],"about":[{"href":"https:\/\/www.studio.eklozia.fr\/bocauxco\/wp-json\/wp\/v2\/types\/post"}],"author":[{"embeddable":true,"href":"https:\/\/www.studio.eklozia.fr\/bocauxco\/wp-json\/wp\/v2\/users\/1"}],"replies":[{"embeddable":true,"href":"https:\/\/www.studio.eklozia.fr\/bocauxco\/wp-json\/wp\/v2\/comments?post=33227"}],"version-history":[{"count":0,"href":"https:\/\/www.studio.eklozia.fr\/bocauxco\/wp-json\/wp\/v2\/posts\/33227\/revisions"}],"wp:featuredmedia":[{"embeddable":true,"href":"https:\/\/www.studio.eklozia.fr\/bocauxco\/wp-json\/wp\/v2\/media\/33282"}],"wp:attachment":[{"href":"https:\/\/www.studio.eklozia.fr\/bocauxco\/wp-json\/wp\/v2\/media?parent=33227"}],"wp:term":[{"taxonomy":"category","embeddable":true,"href":"https:\/\/www.studio.eklozia.fr\/bocauxco\/wp-json\/wp\/v2\/categories?post=33227"},{"taxonomy":"post_tag","embeddable":true,"href":"https:\/\/www.studio.eklozia.fr\/bocauxco\/wp-json\/wp\/v2\/tags?post=33227"}],"curies":[{"name":"wp","href":"https:\/\/api.w.org\/{rel}","templated":true}]}}