{"id":33273,"date":"2023-07-17T10:17:57","date_gmt":"2023-07-17T08:17:57","guid":{"rendered":"https:\/\/bocaux-and-co.fr\/?p=33273"},"modified":"2023-07-17T10:17:57","modified_gmt":"2023-07-17T08:17:57","slug":"article-presse-agence-14-juillet-2023","status":"publish","type":"post","link":"https:\/\/www.studio.eklozia.fr\/bocauxco\/article-presse-agence-14-juillet-2023\/","title":{"rendered":"[ article ] Presse Agence &#8211; 14 juillet 2023"},"content":{"rendered":"\n<p>On parle de <strong>Bocaux&amp;co<\/strong> dans le num\u00e9ro de <mark style=\"background-color:rgba(0, 0, 0, 0)\" class=\"has-inline-color has-ast-global-color-2-color\">Presse Agence<\/mark> du 14 juillet 2023 : \u00ab\u00a0DIJON : Bocaux&amp;co veut cr\u00e9er de l\u2019emploi avec le r\u00e9emploi\u00a0\u00bb.<\/p>\n\n\n\n<p>Dans cet article, Presse Agence fait une courte pr\u00e9sentation de Bocaux&amp;co et de son \u00e9volution. Elle aborde les sujets du r\u00e9emploi de bocaux ainsi que du d\u00e9veloppement du <mark style=\"background-color:rgba(0, 0, 0, 0)\" class=\"has-inline-color has-ast-global-color-2-color\">mod\u00e8le \u00e9conomique<\/mark> de l&rsquo;association.<\/p>\n\n\n\n<p>Retrouvez l&rsquo;article complet <a href=\"http:\/\/www.presseagence.fr\/lettre-economique-politique-paca\/2023\/07\/14\/dijon-bocauxco-veut-creer-de-lemploi-avec-le-reemploi\/\" target=\"_blank\" rel=\"noreferrer noopener nofollow\">ici <\/a>! <\/p>\n\n\n\n<figure class=\"wp-block-image size-full\"><img decoding=\"async\" width=\"916\" height=\"505\" src=\"https:\/\/www.studio.eklozia.fr\/bocauxco\/wp-content\/uploads\/2023\/07\/image-1.png\" alt=\"\" class=\"wp-image-33275\" srcset=\"https:\/\/www.studio.eklozia.fr\/bocauxco\/wp-content\/uploads\/2023\/07\/image-1.png 916w, https:\/\/www.studio.eklozia.fr\/bocauxco\/wp-content\/uploads\/2023\/07\/image-1-480x265.png 480w\" sizes=\"(min-width: 0px) and (max-width: 480px) 480px, (min-width: 481px) 916px, 100vw\" \/><\/figure>\n\n\n","protected":false},"excerpt":{"rendered":"<p>Bocaux&#038;co est mentionn\u00e9 dans Presse Agence ! <\/p>\n","protected":false},"author":1,"featured_media":33278,"comment_status":"open","ping_status":"open","sticky":false,"template":"","format":"standard","meta":{"_et_pb_use_builder":"","_et_pb_old_content":"","_et_gb_content_width":"","footnotes":""},"categories":[37],"tags":[],"class_list":["post-33273","post","type-post","status-publish","format-standard","has-post-thumbnail","hentry","category-medias"],"_links":{"self":[{"href":"https:\/\/www.studio.eklozia.fr\/bocauxco\/wp-json\/wp\/v2\/posts\/33273","targetHints":{"allow":["GET"]}}],"collection":[{"href":"https:\/\/www.studio.eklozia.fr\/bocauxco\/wp-json\/wp\/v2\/posts"}],"about":[{"href":"https:\/\/www.studio.eklozia.fr\/bocauxco\/wp-json\/wp\/v2\/types\/post"}],"author":[{"embeddable":true,"href":"https:\/\/www.studio.eklozia.fr\/bocauxco\/wp-json\/wp\/v2\/users\/1"}],"replies":[{"embeddable":true,"href":"https:\/\/www.studio.eklozia.fr\/bocauxco\/wp-json\/wp\/v2\/comments?post=33273"}],"version-history":[{"count":0,"href":"https:\/\/www.studio.eklozia.fr\/bocauxco\/wp-json\/wp\/v2\/posts\/33273\/revisions"}],"wp:featuredmedia":[{"embeddable":true,"href":"https:\/\/www.studio.eklozia.fr\/bocauxco\/wp-json\/wp\/v2\/media\/33278"}],"wp:attachment":[{"href":"https:\/\/www.studio.eklozia.fr\/bocauxco\/wp-json\/wp\/v2\/media?parent=33273"}],"wp:term":[{"taxonomy":"category","embeddable":true,"href":"https:\/\/www.studio.eklozia.fr\/bocauxco\/wp-json\/wp\/v2\/categories?post=33273"},{"taxonomy":"post_tag","embeddable":true,"href":"https:\/\/www.studio.eklozia.fr\/bocauxco\/wp-json\/wp\/v2\/tags?post=33273"}],"curies":[{"name":"wp","href":"https:\/\/api.w.org\/{rel}","templated":true}]}}