{"id":33285,"date":"2023-07-17T13:56:22","date_gmt":"2023-07-17T11:56:22","guid":{"rendered":"https:\/\/bocaux-and-co.fr\/?p=33285"},"modified":"2023-07-17T13:56:22","modified_gmt":"2023-07-17T11:56:22","slug":"article-le-journal-du-palais-13-juillet-2023","status":"publish","type":"post","link":"https:\/\/www.studio.eklozia.fr\/bocauxco\/article-le-journal-du-palais-13-juillet-2023\/","title":{"rendered":"[ article ] Le Journal du Palais &#8211; 13 juillet 2023"},"content":{"rendered":"\n<p>Voici l&rsquo;article sur <strong>Bocaux&amp;co<\/strong> dans le Journal du <mark style=\"background-color:rgba(0, 0, 0, 0)\" class=\"has-inline-color has-ast-global-color-2-color\">Palais du 13 juillet 2023<\/mark> : \u00ab\u00a0Une solution \u00e9coresponsable pour le r\u00e9emploi des bocaux\u00a0\u00bb.<\/p>\n\n\n\n<p>L&rsquo;article montre l&rsquo;\u00e9volution du projet autour du r\u00e9emploi :<a href=\"https:\/\/bocaux-and-co.fr\/collecte\/\" target=\"_blank\" rel=\"noreferrer noopener nofollow\"> la collecte<\/a>,<a href=\"https:\/\/bocaux-and-co.fr\/vente\/\" target=\"_blank\" rel=\"noreferrer noopener nofollow\"> la vente<\/a> et <a href=\"https:\/\/bocaux-and-co.fr\/consigne\/\" target=\"_blank\" rel=\"noreferrer noopener nofollow\">la consigne [ramenez-moi]<\/a>. On y pr\u00e9sente aussi le travail de l&rsquo;association pour trouver un mod\u00e8le \u00e9conomique p\u00e9renne en appliquant l&rsquo;Economie de la Fonctionnalit\u00e9 et de Coop\u00e9ration (<a href=\"https:\/\/www.ieefc.eu\/institut-economie-de-la-fonctionnalite\/quest-ce-que-lefc\/\" target=\"_blank\" rel=\"noreferrer noopener nofollow\">EFC<\/a>).<\/p>\n\n\n\n<p>Retrouvez l&rsquo;article complet <a href=\"https:\/\/journal-du-palais.fr\/au-sommaire\/entreprises\/une-solution-ecoresponsable-pour-le-reemploi-des-bocaux\" target=\"_blank\" rel=\"noreferrer noopener nofollow\">ici <\/a>! <\/p>\n\n\n\n<figure class=\"wp-block-image size-full\"><img decoding=\"async\" width=\"914\" height=\"298\" src=\"https:\/\/www.studio.eklozia.fr\/bocauxco\/wp-content\/uploads\/2023\/07\/image-2.png\" alt=\"\" class=\"wp-image-33287\" srcset=\"https:\/\/www.studio.eklozia.fr\/bocauxco\/wp-content\/uploads\/2023\/07\/image-2.png 914w, https:\/\/www.studio.eklozia.fr\/bocauxco\/wp-content\/uploads\/2023\/07\/image-2-480x156.png 480w\" sizes=\"(min-width: 0px) and (max-width: 480px) 480px, (min-width: 481px) 914px, 100vw\" \/><\/figure>\n\n\n","protected":false},"excerpt":{"rendered":"<p>Bocaux&#038;co est mentionn\u00e9 dans le Journal du Palais ! <\/p>\n","protected":false},"author":1,"featured_media":33288,"comment_status":"open","ping_status":"open","sticky":false,"template":"","format":"standard","meta":{"_et_pb_use_builder":"","_et_pb_old_content":"","_et_gb_content_width":"","footnotes":""},"categories":[37],"tags":[],"class_list":["post-33285","post","type-post","status-publish","format-standard","has-post-thumbnail","hentry","category-medias"],"_links":{"self":[{"href":"https:\/\/www.studio.eklozia.fr\/bocauxco\/wp-json\/wp\/v2\/posts\/33285","targetHints":{"allow":["GET"]}}],"collection":[{"href":"https:\/\/www.studio.eklozia.fr\/bocauxco\/wp-json\/wp\/v2\/posts"}],"about":[{"href":"https:\/\/www.studio.eklozia.fr\/bocauxco\/wp-json\/wp\/v2\/types\/post"}],"author":[{"embeddable":true,"href":"https:\/\/www.studio.eklozia.fr\/bocauxco\/wp-json\/wp\/v2\/users\/1"}],"replies":[{"embeddable":true,"href":"https:\/\/www.studio.eklozia.fr\/bocauxco\/wp-json\/wp\/v2\/comments?post=33285"}],"version-history":[{"count":0,"href":"https:\/\/www.studio.eklozia.fr\/bocauxco\/wp-json\/wp\/v2\/posts\/33285\/revisions"}],"wp:featuredmedia":[{"embeddable":true,"href":"https:\/\/www.studio.eklozia.fr\/bocauxco\/wp-json\/wp\/v2\/media\/33288"}],"wp:attachment":[{"href":"https:\/\/www.studio.eklozia.fr\/bocauxco\/wp-json\/wp\/v2\/media?parent=33285"}],"wp:term":[{"taxonomy":"category","embeddable":true,"href":"https:\/\/www.studio.eklozia.fr\/bocauxco\/wp-json\/wp\/v2\/categories?post=33285"},{"taxonomy":"post_tag","embeddable":true,"href":"https:\/\/www.studio.eklozia.fr\/bocauxco\/wp-json\/wp\/v2\/tags?post=33285"}],"curies":[{"name":"wp","href":"https:\/\/api.w.org\/{rel}","templated":true}]}}