{"id":33294,"date":"2023-07-18T15:26:35","date_gmt":"2023-07-18T13:26:35","guid":{"rendered":"https:\/\/bocaux-and-co.fr\/?p=33294"},"modified":"2023-07-18T15:26:35","modified_gmt":"2023-07-18T13:26:35","slug":"infolettre-n17-19-juillet-2023","status":"publish","type":"post","link":"https:\/\/www.studio.eklozia.fr\/bocauxco\/infolettre-n17-19-juillet-2023\/","title":{"rendered":"Infolettre n\u00b017 &#8211; 19 juillet 2023"},"content":{"rendered":"\n<h2 class=\"wp-block-heading is-style-paragraph-special-1\"><strong>2 mois intenses \u2026<\/strong><\/h2>\n\n\n\n<p>En mai et juin, Bocaux&amp;co \u00e9tait<mark style=\"background-color:rgba(0, 0, 0, 0)\" class=\"has-inline-color has-ast-global-color-1-color\"> <strong>sur tous les fronts<\/strong>.<\/mark> Retour sur l\u2019activit\u00e9 en quelques chiffres :<\/p>\n\n\n\n<ul class=\"wp-block-list\">\n<li><strong><mark style=\"background-color:rgba(0, 0, 0, 0)\" class=\"has-inline-color has-ast-global-color-1-color\">vente et location<\/mark> <\/strong>: depuis septembre 2021, 24 553 bocaux valoris\u00e9s sur les 62 715 collect\u00e9s (soit un taux de r\u00e9emploi de <strong>38 %<\/strong>) avec une quarantaine de professionnels engag\u00e9s<\/li>\n\n\n\n<li><mark style=\"background-color:rgba(0, 0, 0, 0)\" class=\"has-inline-color has-ast-global-color-1-color\"><strong>collecte <\/strong><\/mark>: depuis d\u00e9but mai, exp\u00e9rimentation d\u2019une collecte cibl\u00e9e avec 13 mod\u00e8les et 14 points de collecte \u00e0 Dijon et alentours (74 % de bocaux collect\u00e9s en mai-juin conformes aux 13 mod\u00e8les)<\/li>\n\n\n\n<li><mark style=\"background-color:rgba(0, 0, 0, 0)\" class=\"has-inline-color has-ast-global-color-1-color\"><strong>consigne <\/strong><\/mark>: aujourd\u2019hui, 2 restaurateurs actifs (<a href=\"https:\/\/lamenuiseriedijon.fr\/\" rel=\"nofollow noopener\" target=\"_blank\">La Menuiserie<\/a> et <a href=\"http:\/\/www.lafourmiliere-dijon.fr\/\" rel=\"nofollow noopener\" target=\"_blank\">La Fourmili\u00e8re<\/a>) et <strong>7<\/strong> qui s\u2019engagent <strong>\u00e0 partir de septembre <\/strong>\ud83d\ude0a<\/li>\n\n\n\n<li><mark style=\"background-color:rgba(0, 0, 0, 0)\" class=\"has-inline-color has-ast-global-color-1-color\"><strong>ateliers <\/strong><\/mark>: fin de l\u2019op\u00e9ration \u00ab miel des \u00e9coles \u00bb + 7 ateliers organis\u00e9s (3 avec Dijon M\u00e9tropole, 4 avec le Conseil d\u00e9partemental de C\u00f4te d\u2019Or) + 3 stands (troc\/vente de plantes MJC des Bourroches, march\u00e9 des producteurs du Conseil d\u00e9partemental de C\u00f4te d\u2019Or, VYV festival).<\/li>\n<\/ul>\n\n\n\n<figure class=\"wp-block-image size-large\"><img decoding=\"async\" width=\"1024\" height=\"341\" src=\"https:\/\/www.studio.eklozia.fr\/bocauxco\/wp-content\/uploads\/2023\/07\/74-1024x341.png\" alt=\"\" class=\"wp-image-33296\" srcset=\"https:\/\/www.studio.eklozia.fr\/bocauxco\/wp-content\/uploads\/2023\/07\/74-980x327.png 980w, https:\/\/www.studio.eklozia.fr\/bocauxco\/wp-content\/uploads\/2023\/07\/74-480x160.png 480w\" sizes=\"(min-width: 0px) and (max-width: 480px) 480px, (min-width: 481px) and (max-width: 980px) 980px, (min-width: 981px) 1024px, 100vw\" \/><\/figure>\n\n\n\n<p>Les m\u00e9dias ne s\u2019y sont pas tromp\u00e9s : 1 reportage t\u00e9l\u00e9 (<a href=\"https:\/\/bocaux-and-co.fr\/video-france-3-bfc-20-juin-2023\/\" rel=\"nofollow noopener\" target=\"_blank\">France 3 Bourgogne<\/a>), 2 reportages radio (<a href=\"https:\/\/bocaux-and-co.fr\/radio-france-bleu-les-circuits-courts-en-cote-dor-5-juin-2023\/\" rel=\"nofollow noopener\" target=\"_blank\">France Bleu Bourgogne<\/a>), 3 articles (<a href=\"https:\/\/bocaux-and-co.fr\/article-ademe-juillet-aout-2023\/\" rel=\"nofollow noopener\" target=\"_blank\">Ademe Magasine<\/a>, <a href=\"https:\/\/bocaux-and-co.fr\/article-le-journal-du-palais-13-juillet-2023\/\" rel=\"nofollow noopener\" target=\"_blank\">Journal du Palais <\/a>et <a href=\"https:\/\/bocaux-and-co.fr\/article-presse-agence-14-juillet-2023\/\" rel=\"nofollow noopener\" target=\"_blank\">Presse Agence<\/a>).<\/p>\n\n\n\n<h2 class=\"wp-block-heading\"><strong>\u2026 avant un \u00e9t\u00e9 plus calme<\/strong><\/h2>\n\n\n\n<p>Apr\u00e8s ces 2 mois bien charg\u00e9s, l\u2019\u00e9t\u00e9 s\u2019annonce plus calme&nbsp;:<\/p>\n\n\n\n<ul class=\"wp-block-list\">\n<li>la boutique-atelier sera <strong>ferm\u00e9e<\/strong> du <mark style=\"background-color:rgba(0, 0, 0, 0)\" class=\"has-inline-color has-ast-global-color-2-color\">31 juillet<\/mark> au <mark style=\"background-color:rgba(0, 0, 0, 0)\" class=\"has-inline-color has-ast-global-color-2-color\">15 ao\u00fbt<\/mark>. Pensez-y si vous avez besoin de bocaux \ud83d\ude09<\/li>\n\n\n\n<li>le ramassage et le tri des bocaux seront interrompus durant la m\u00eame p\u00e9riode.<\/li>\n<\/ul>\n\n\n\n<p>Plus calme en apparence seulement, car l\u2019\u00e9quipe se relaiera durant l\u2019\u00e9t\u00e9 pour poursuivre l\u2019aventure et continuer \u00e0 imaginer un mod\u00e8le permettant au r\u00e9emploi des contenants en verre de se d\u00e9velopper \u00e0 l\u2019\u00e9chelle de Dijon et alentours.<\/p>\n\n\n\n<p>Le r\u00e9emploi, c\u2019est simple, et pourtant pour qu\u2019il (re)devienne la norme, c\u2019est loin d\u2019\u00eatre simple. Le d\u00e9fi n\u2019est pas seulement technique, il est <strong>\u00e9conomique <\/strong>parce qu\u2019il repose en grande partie sur la difficult\u00e9 de valoriser le temps humain n\u00e9cessaire au r\u00e9emploi et \u00e0 son d\u00e9veloppement.<\/p>\n\n\n\n<p><strong><mark style=\"background-color:rgba(0, 0, 0, 0)\" class=\"has-inline-color has-ast-global-color-2-color\">Bocaux&amp;co y croit toujours dur comme verre&nbsp;!<\/mark><\/strong><\/p>\n\n\n\n<p><strong><mark style=\"background-color:rgba(0, 0, 0, 0)\" class=\"has-inline-color has-ast-global-color-1-color\">Merci <\/mark><\/strong>\u00e0 celles et ceux qui rendent cette aventure possible et bel \u00e9t\u00e9 \u00e0 chacun.e de vous.<\/p>\n\n\n\n\n","protected":false},"excerpt":{"rendered":"<p>Voici le petit r\u00e9cap&rsquo; de l&rsquo;\u00e9volution des activit\u00e9s de Bocaux&#038;co avant la pause estivale \ud83d\ude42 <\/p>\n","protected":false},"author":1,"featured_media":33302,"comment_status":"closed","ping_status":"open","sticky":false,"template":"","format":"standard","meta":{"_et_pb_use_builder":"on","_et_pb_old_content":"","_et_gb_content_width":"","footnotes":""},"categories":[36],"tags":[],"class_list":["post-33294","post","type-post","status-publish","format-standard","has-post-thumbnail","hentry","category-infolettre"],"_links":{"self":[{"href":"https:\/\/www.studio.eklozia.fr\/bocauxco\/wp-json\/wp\/v2\/posts\/33294","targetHints":{"allow":["GET"]}}],"collection":[{"href":"https:\/\/www.studio.eklozia.fr\/bocauxco\/wp-json\/wp\/v2\/posts"}],"about":[{"href":"https:\/\/www.studio.eklozia.fr\/bocauxco\/wp-json\/wp\/v2\/types\/post"}],"author":[{"embeddable":true,"href":"https:\/\/www.studio.eklozia.fr\/bocauxco\/wp-json\/wp\/v2\/users\/1"}],"replies":[{"embeddable":true,"href":"https:\/\/www.studio.eklozia.fr\/bocauxco\/wp-json\/wp\/v2\/comments?post=33294"}],"version-history":[{"count":0,"href":"https:\/\/www.studio.eklozia.fr\/bocauxco\/wp-json\/wp\/v2\/posts\/33294\/revisions"}],"wp:featuredmedia":[{"embeddable":true,"href":"https:\/\/www.studio.eklozia.fr\/bocauxco\/wp-json\/wp\/v2\/media\/33302"}],"wp:attachment":[{"href":"https:\/\/www.studio.eklozia.fr\/bocauxco\/wp-json\/wp\/v2\/media?parent=33294"}],"wp:term":[{"taxonomy":"category","embeddable":true,"href":"https:\/\/www.studio.eklozia.fr\/bocauxco\/wp-json\/wp\/v2\/categories?post=33294"},{"taxonomy":"post_tag","embeddable":true,"href":"https:\/\/www.studio.eklozia.fr\/bocauxco\/wp-json\/wp\/v2\/tags?post=33294"}],"curies":[{"name":"wp","href":"https:\/\/api.w.org\/{rel}","templated":true}]}}