{"id":33397,"date":"2023-11-09T14:45:53","date_gmt":"2023-11-09T13:45:53","guid":{"rendered":"https:\/\/bocaux-and-co.fr\/?p=33397"},"modified":"2023-11-09T14:45:53","modified_gmt":"2023-11-09T13:45:53","slug":"evenement-1er-rdv-regional-du-reemploi-des-emballages-en-bfc-a-dijon","status":"publish","type":"post","link":"https:\/\/www.studio.eklozia.fr\/bocauxco\/evenement-1er-rdv-regional-du-reemploi-des-emballages-en-bfc-a-dijon\/","title":{"rendered":"[ Ev\u00e9nement ] &#8211;  1er RDV r\u00e9gional du r\u00e9emploi des emballages en BFC \u00e0 Dijon"},"content":{"rendered":"\n<p>Le 9 novembre s\u2019est tenu \u00e0 <strong>Dijon<\/strong> un \u00e9v\u00e9nement important : le <mark style=\"background-color:rgba(0, 0, 0, 0)\" class=\"has-inline-color has-ast-global-color-2-color\">1er rendez-vous r\u00e9gional du r\u00e9emploi des emballages<\/mark> en <strong>B<\/strong>ourgogne <strong>F<\/strong>ranche <strong>C<\/strong>omt\u00e9, organis\u00e9 par\u00a0 le r\u00e9seau Consigne et r\u00e9emploi en BFC.<\/p>\n\n\n\n<p>Retrouvez les vid\u00e9os de l&rsquo;\u00e9v\u00e9nement <strong><a href=\"https:\/\/www.youtube.com\/@consignereemploibfc\/videos\" rel=\"nofollow noopener\" target=\"_blank\">ici !<\/a> <\/strong><\/p>\n\n\n\n<p>Une journ\u00e9e qui est de bonne augure pour la suite puisque plus d\u2019une <strong>centaine d\u2019acteurs professionnels<\/strong> (priv\u00e9s et publics) ont particip\u00e9 \u00e0 ce rendez-vous, ce qui t\u00e9moigne de l\u2019int\u00e9r\u00eat croissant pour organiser les fili\u00e8res de r\u00e9emploi \u00e0 l\u2019\u00e9chelle de notre territoire.<\/p>\n\n\n\n<p>La <strong>conclusion<\/strong> de cette journ\u00e9e : le r\u00e9emploi ne peut \u00eatre une activit\u00e9 rentable (ou \u00e0 minima \u00e9quilibr\u00e9e) tout de suite, d&rsquo;o\u00f9 l&rsquo;importance de l\u2019implication des pouvoirs publics pour accompagner le d\u00e9veloppement de boucles de r\u00e9emploi.<\/p>\n\n\n\n<p>Merci \u00e0<a href=\"https:\/\/www.ademe.fr\/\" target=\"_blank\" rel=\"noreferrer noopener nofollow\"> ADEME<\/a>,<a href=\"https:\/\/www.linkedin.com\/company\/france-active-bourgogne\/\" rel=\"nofollow noopener\" target=\"_blank\"> Franc<\/a><a href=\"https:\/\/www.franceactive.org\/partenaires\/region-bourgogne-franche-comte\/\" target=\"_blank\" rel=\"noreferrer noopener nofollow\">e Active Bourgogne<\/a>,<a href=\"https:\/\/www.linkedin.com\/company\/departementcotedor\/\" rel=\"nofollow noopener\" target=\"_blank\"> <\/a><a href=\"https:\/\/www.cotedor.fr\/\" rel=\"nofollow noopener\" target=\"_blank\">D\u00e9p<\/a><a href=\"https:\/\/www.linkedin.com\/company\/departementcotedor\/\" target=\"_blank\" rel=\"noreferrer noopener nofollow\">artement de la C\u00f4te-d&rsquo;Or<\/a>,<a href=\"https:\/\/www.dijon.fr\/\" target=\"_blank\" rel=\"noreferrer noopener nofollow\"> Ville de Dijon<\/a> qui soutiennent notre aventure, pionni\u00e8re en mati\u00e8re de r\u00e9emploi des bocaux, en Bourgogne Franche Comt\u00e9 mais aussi en France..Et un sp\u00e9cial grand merci \u00e0<a href=\"https:\/\/lamenuiseriedijon.fr\/\" target=\"_blank\" rel=\"noreferrer noopener nofollow\"> Caf\u00e9-Restaurant La Menuiserie<\/a> et <a href=\"https:\/\/www.facebook.com\/lanoteducolibri\" target=\"_blank\" rel=\"noreferrer noopener nofollow\">La Note du Colibri<\/a> qui ont t\u00e9moign\u00e9 jeudi de l&rsquo;action concr\u00e8te de<a href=\"https:\/\/www.linkedin.com\/company\/bocauxandco\/\" rel=\"nofollow noopener\" target=\"_blank\"> Bocaux&amp;co<\/a> sur le territoire dijonnais et c\u00f4te d&rsquo;orien.<\/p>\n\n\n\n<div class=\"wp-block-columns is-layout-flex wp-container-core-columns-is-layout-9d6595d7 wp-block-columns-is-layout-flex\">\n<div class=\"wp-block-column is-layout-flow wp-block-column-is-layout-flow\">\n<figure class=\"wp-block-image size-full\"><img decoding=\"async\" width=\"1024\" height=\"768\" src=\"https:\/\/www.studio.eklozia.fr\/bocauxco\/wp-content\/uploads\/2023\/11\/whatsapp-image-2023-11-09-at-21.23.44.jpeg\" alt=\"\" class=\"wp-image-33399\" srcset=\"https:\/\/www.studio.eklozia.fr\/bocauxco\/wp-content\/uploads\/2023\/11\/whatsapp-image-2023-11-09-at-21.23.44.jpeg 1024w, https:\/\/www.studio.eklozia.fr\/bocauxco\/wp-content\/uploads\/2023\/11\/whatsapp-image-2023-11-09-at-21.23.44-980x735.jpeg 980w, https:\/\/www.studio.eklozia.fr\/bocauxco\/wp-content\/uploads\/2023\/11\/whatsapp-image-2023-11-09-at-21.23.44-480x360.jpeg 480w\" sizes=\"(min-width: 0px) and (max-width: 480px) 480px, (min-width: 481px) and (max-width: 980px) 980px, (min-width: 981px) 1024px, 100vw\" \/><\/figure>\n<\/div>\n<\/div>\n\n\n\n<div class=\"wp-block-columns is-layout-flex wp-container-core-columns-is-layout-9d6595d7 wp-block-columns-is-layout-flex\">\n<div class=\"wp-block-column is-layout-flow wp-block-column-is-layout-flow\">\n<div class=\"wp-block-columns is-layout-flex wp-container-core-columns-is-layout-9d6595d7 wp-block-columns-is-layout-flex\">\n<div class=\"wp-block-column is-layout-flow wp-block-column-is-layout-flow\">\n<figure class=\"wp-block-image size-full\"><img decoding=\"async\" width=\"1024\" height=\"768\" src=\"https:\/\/www.studio.eklozia.fr\/bocauxco\/wp-content\/uploads\/2023\/11\/whatsapp-image-2023-11-09-at-19.04.57-1.jpeg\" alt=\"\" class=\"wp-image-33401\" srcset=\"https:\/\/www.studio.eklozia.fr\/bocauxco\/wp-content\/uploads\/2023\/11\/whatsapp-image-2023-11-09-at-19.04.57-1.jpeg 1024w, https:\/\/www.studio.eklozia.fr\/bocauxco\/wp-content\/uploads\/2023\/11\/whatsapp-image-2023-11-09-at-19.04.57-1-980x735.jpeg 980w, https:\/\/www.studio.eklozia.fr\/bocauxco\/wp-content\/uploads\/2023\/11\/whatsapp-image-2023-11-09-at-19.04.57-1-480x360.jpeg 480w\" sizes=\"(min-width: 0px) and (max-width: 480px) 480px, (min-width: 481px) and (max-width: 980px) 980px, (min-width: 981px) 1024px, 100vw\" \/><\/figure>\n<\/div>\n\n\n\n<div class=\"wp-block-column is-layout-flow wp-block-column-is-layout-flow\">\n<figure class=\"wp-block-image size-full\"><img decoding=\"async\" width=\"615\" height=\"689\" src=\"https:\/\/www.studio.eklozia.fr\/bocauxco\/wp-content\/uploads\/2023\/11\/whatsapp-image-2023-11-09-at-19.00.31-1-1.jpeg\" alt=\"\" class=\"wp-image-33403\" srcset=\"https:\/\/www.studio.eklozia.fr\/bocauxco\/wp-content\/uploads\/2023\/11\/whatsapp-image-2023-11-09-at-19.00.31-1-1.jpeg 615w, https:\/\/www.studio.eklozia.fr\/bocauxco\/wp-content\/uploads\/2023\/11\/whatsapp-image-2023-11-09-at-19.00.31-1-1-480x538.jpeg 480w\" sizes=\"(min-width: 0px) and (max-width: 480px) 480px, (min-width: 481px) 615px, 100vw\" \/><\/figure>\n<\/div>\n<\/div>\n<\/div>\n<\/div>\n\n\n","protected":false},"excerpt":{"rendered":"<p>1er rendez-vous r\u00e9gional du r\u00e9emploi des emballages.<\/p>\n","protected":false},"author":1,"featured_media":33399,"comment_status":"open","ping_status":"open","sticky":false,"template":"","format":"standard","meta":{"_et_pb_use_builder":"","_et_pb_old_content":"","_et_gb_content_width":"","footnotes":""},"categories":[38],"tags":[],"class_list":["post-33397","post","type-post","status-publish","format-standard","has-post-thumbnail","hentry","category-evenements"],"_links":{"self":[{"href":"https:\/\/www.studio.eklozia.fr\/bocauxco\/wp-json\/wp\/v2\/posts\/33397","targetHints":{"allow":["GET"]}}],"collection":[{"href":"https:\/\/www.studio.eklozia.fr\/bocauxco\/wp-json\/wp\/v2\/posts"}],"about":[{"href":"https:\/\/www.studio.eklozia.fr\/bocauxco\/wp-json\/wp\/v2\/types\/post"}],"author":[{"embeddable":true,"href":"https:\/\/www.studio.eklozia.fr\/bocauxco\/wp-json\/wp\/v2\/users\/1"}],"replies":[{"embeddable":true,"href":"https:\/\/www.studio.eklozia.fr\/bocauxco\/wp-json\/wp\/v2\/comments?post=33397"}],"version-history":[{"count":0,"href":"https:\/\/www.studio.eklozia.fr\/bocauxco\/wp-json\/wp\/v2\/posts\/33397\/revisions"}],"wp:featuredmedia":[{"embeddable":true,"href":"https:\/\/www.studio.eklozia.fr\/bocauxco\/wp-json\/wp\/v2\/media\/33399"}],"wp:attachment":[{"href":"https:\/\/www.studio.eklozia.fr\/bocauxco\/wp-json\/wp\/v2\/media?parent=33397"}],"wp:term":[{"taxonomy":"category","embeddable":true,"href":"https:\/\/www.studio.eklozia.fr\/bocauxco\/wp-json\/wp\/v2\/categories?post=33397"},{"taxonomy":"post_tag","embeddable":true,"href":"https:\/\/www.studio.eklozia.fr\/bocauxco\/wp-json\/wp\/v2\/tags?post=33397"}],"curies":[{"name":"wp","href":"https:\/\/api.w.org\/{rel}","templated":true}]}}