{"id":33419,"date":"2023-07-20T11:37:53","date_gmt":"2023-07-20T09:37:53","guid":{"rendered":"https:\/\/bocaux-and-co.fr\/?p=33419"},"modified":"2023-07-20T11:37:53","modified_gmt":"2023-07-20T09:37:53","slug":"evenement-participation-au-seminaire-du-collectif-impec-a-nantes","status":"publish","type":"post","link":"https:\/\/www.studio.eklozia.fr\/bocauxco\/evenement-participation-au-seminaire-du-collectif-impec-a-nantes\/","title":{"rendered":"[ Ev\u00e9nement ] &#8211; Participation au s\u00e9minaire du collectif IMPEC \u00e0 Nantes"},"content":{"rendered":"\n<p><strong><mark style=\"background-color:rgba(0, 0, 0, 0)\" class=\"has-inline-color has-ast-global-color-1-color\">20 et 21 juillet 2023<\/mark><\/strong><\/p>\n\n\n\n<p>Bocaux&amp;co fait partie du collectif IMPEC qui porte le d\u00e9veloppement d\u2019un dispositif de consigne. C\u2019est ce syst\u00e8me notamment la web-appli, qui est utilis\u00e9 par [ramenez-moi].<\/p>\n\n\n\n<p>Un collectif peut travailler en visio, c\u2019est ce que font chaque semaine, les membres d\u2019IMPEC. Mais il est important aussi de se retrouver pour \u00e9changer sur des choix importants. Le collectif IMPEC s\u2019est r\u00e9uni \u00e0 Nantes les 20 et 21 juillet. Et Marie-Charlotte de Bocaux&amp;co en \u00e9tait.<\/p>\n\n\n\n<p>Retrouvez les actualit\u00e9s du <a href=\"https:\/\/collectif-impec.org\/\" target=\"_blank\" rel=\"noreferrer noopener nofollow\">collectif IMPEC ici<\/a> !<\/p>\n\n\n\n<p>Plus d&rsquo;infos sur<a href=\"https:\/\/bocaux-and-co.fr\/consigne\/\" target=\"_blank\" rel=\"noreferrer noopener nofollow\"> [ramenez-moi]<\/a><\/p>\n\n\n\n<div class=\"wp-block-columns is-layout-flex wp-container-core-columns-is-layout-9d6595d7 wp-block-columns-is-layout-flex\">\n<div class=\"wp-block-column is-layout-flow wp-block-column-is-layout-flow\"><\/div>\n<\/div>\n\n\n","protected":false},"excerpt":{"rendered":"<p>Rencontre avec le collectif IMPEC, consigne pour la restauration\/vente \u00e0 emporter, \u00e0 Nantes.<\/p>\n","protected":false},"author":1,"featured_media":33421,"comment_status":"open","ping_status":"open","sticky":false,"template":"","format":"standard","meta":{"_et_pb_use_builder":"","_et_pb_old_content":"","_et_gb_content_width":"","footnotes":""},"categories":[38],"tags":[],"class_list":["post-33419","post","type-post","status-publish","format-standard","has-post-thumbnail","hentry","category-evenements"],"_links":{"self":[{"href":"https:\/\/www.studio.eklozia.fr\/bocauxco\/wp-json\/wp\/v2\/posts\/33419","targetHints":{"allow":["GET"]}}],"collection":[{"href":"https:\/\/www.studio.eklozia.fr\/bocauxco\/wp-json\/wp\/v2\/posts"}],"about":[{"href":"https:\/\/www.studio.eklozia.fr\/bocauxco\/wp-json\/wp\/v2\/types\/post"}],"author":[{"embeddable":true,"href":"https:\/\/www.studio.eklozia.fr\/bocauxco\/wp-json\/wp\/v2\/users\/1"}],"replies":[{"embeddable":true,"href":"https:\/\/www.studio.eklozia.fr\/bocauxco\/wp-json\/wp\/v2\/comments?post=33419"}],"version-history":[{"count":0,"href":"https:\/\/www.studio.eklozia.fr\/bocauxco\/wp-json\/wp\/v2\/posts\/33419\/revisions"}],"wp:featuredmedia":[{"embeddable":true,"href":"https:\/\/www.studio.eklozia.fr\/bocauxco\/wp-json\/wp\/v2\/media\/33421"}],"wp:attachment":[{"href":"https:\/\/www.studio.eklozia.fr\/bocauxco\/wp-json\/wp\/v2\/media?parent=33419"}],"wp:term":[{"taxonomy":"category","embeddable":true,"href":"https:\/\/www.studio.eklozia.fr\/bocauxco\/wp-json\/wp\/v2\/categories?post=33419"},{"taxonomy":"post_tag","embeddable":true,"href":"https:\/\/www.studio.eklozia.fr\/bocauxco\/wp-json\/wp\/v2\/tags?post=33419"}],"curies":[{"name":"wp","href":"https:\/\/api.w.org\/{rel}","templated":true}]}}