{"id":33553,"date":"2024-06-19T08:45:08","date_gmt":"2024-06-19T06:45:08","guid":{"rendered":"https:\/\/bocaux-and-co.fr\/?p=33553"},"modified":"2025-11-04T16:03:23","modified_gmt":"2025-11-04T16:03:23","slug":"infolettre-n20-19-juin-2024","status":"publish","type":"post","link":"https:\/\/www.studio.eklozia.fr\/bocauxco\/infolettre-n20-19-juin-2024\/","title":{"rendered":"Infolettre n\u00b020 &#8211; 19 juin 2024"},"content":{"rendered":"\n<p><strong>L\u2019\u00e9t\u00e9 approche<\/strong><\/p>\n\n\n\n<p>Et c\u2019est le temps pour Bocaux&amp;co le temps pour faire une pause. Aussi, nos <strong>activit\u00e9s seront en sommeil du 22 juillet au 18 ao\u00fbt<\/strong>.<\/p>\n\n\n\n<p><strong>Pendant cette p\u00e9riode&nbsp;:<\/strong><\/p>\n\n\n\n<ul class=\"wp-block-list\">\n<li>fermeture de la boutique-atelier<\/li>\n\n\n\n<li>pas de ramassage dans les points de collecte<\/li>\n\n\n\n<li>pas de prestation de lavage<\/li>\n<\/ul>\n\n\n\n<p>Alors, que vous soyez professionnel.le, citoyen.ne, partenaire, n\u2019h\u00e9sitez pas \u00e0 nous faire signe d\u00e8s maintenant pour que nous puissions <strong>anticiper vos besoins<\/strong> avant la p\u00e9riode de fermeture.<\/p>\n\n\n\n<h2 class=\"wp-block-heading\"><strong>D\u00e9stockage massif le 5 juillet<\/strong><\/h2>\n\n\n\n<p>Depuis septembre 2021, nous avons collect\u00e9 <strong>82 830 bocaux dont 38 343 <\/strong>ont \u00e9t\u00e9 r\u00e9employ\u00e9s. Depuis mai 2023, nous avons restreint la collecte \u00e0 13 mod\u00e8les de bocaux.<\/p>\n\n\n\n<p>Aujourd\u2019hui, nous souhaitons <strong>all\u00e9ger le stock par un d\u00e9stockage massif de tous les autres mod\u00e8les<\/strong> et ils sont nombreux&nbsp;: des petits, des grands, des hauts, des \u00e9troits, des larges\u2026 Bref, un choix formidable qui permet de r\u00e9pondre \u00e0 un grand nombre d\u2019usages.<\/p>\n\n\n\n<p>Aussi, nous organisons une vente de bocaux (non lav\u00e9s \/ 0,20 \u20ac pi\u00e8ce) r\u00e9serv\u00e9e aux adh\u00e9rent.e.s de Bocaux&amp;co&nbsp;:<\/p>\n\n\n\n<p><strong>Le vendredi 5 juillet, de 13h \u00e0 16h,<\/strong> <strong>venez-vous approvisionner en bocaux directement dans notre stock<\/strong><\/p>\n\n\n\n<p>chez notre partenaire Envie |4 rue de Romelet \u00e0 Longvic<\/p>\n\n\n\n<p>Cette offre est r\u00e9serv\u00e9e \u00e0 nos <strong>adh\u00e9rent.e.s<\/strong> mais il est bien s\u00fbr possible d\u2019adh\u00e9rer sur place (prix libre).<\/p>\n\n\n\n<h2 class=\"wp-block-heading\"><strong>La suite de l\u2019aventure se pr\u00e9pare<\/strong><\/h2>\n\n\n\n<p>Bocaux&amp;co travaille toujours d\u2019arrache-pied pour pr\u00e9parer la cr\u00e9ation de l\u2019Entre\u2019pots et le d\u00e9veloppement de Bocaux&amp;co. Ce travail, vous vous en doutez, porte notamment sur le <strong>montage financier de cette ambition pour changer de mod\u00e8le et d\u2019\u00e9chelle<\/strong>.<\/p>\n\n\n\n<p>Bocaux&amp;co a d\u00e9j\u00e0 re\u00e7u des engagements financiers de principe et attend des r\u00e9ponses d\u2019ici l\u2019\u00e9t\u00e9 pour d\u2019autres financements.<\/p>\n\n\n\n<p><strong>La grande inconnue reste la contribution financi\u00e8re des \u00e9co-organismes<\/strong> en charge de la gestion de la REP Emballages m\u00e9nagers (Cit\u00e9o\/Adelphe et L\u00e9ko).<\/p>\n\n\n\n<p>Voici quelques rep\u00e8res pour mieux comprendre l\u2019organisation de la gestion des d\u00e9chets&nbsp;:<\/p>\n\n\n\n<p>Les fili\u00e8res REP sont des dispositifs particuliers d\u2019organisation de la pr\u00e9vention et de la gestion de d\u00e9chets, qui concernent certains types de produits. Ils reposent sur le <strong>principe de responsabilit\u00e9 \u00e9largie du producteur.<\/strong><\/p>\n\n\n\n<p>Il s\u2019agit d\u2019une application du <strong>principe pollueur-payeur&nbsp;: celui qui vend un produit doit contribuer financi\u00e8rement \u00e0 la gestion des d\u00e9chets g\u00e9n\u00e9r\u00e9s par ses emballages.<\/strong><\/p>\n\n\n\n<p>Les \u00e9co-organismes, agr\u00e9\u00e9s par l\u2019Etat, r\u00e9coltent les \u00e9co-contributions des producteurs et utilisent ces fonds pour contractualiser avec des prestataires qui assurent la collecte et le traitement des d\u00e9chets. Ces fonds financent le recyclage, et plus r\u00e9cemment la diminution des emballages (vrac notamment) et le r\u00e9emploi.<\/p>\n\n\n\n<p>Pour en savoir plus : <a href=\"https:\/\/www.ecologie.gouv.fr\/emballages-menagers-et-papiers-graphiques\" target=\"_blank\" rel=\"noreferrer noopener nofollow\">https:\/\/www.ecologie.gouv.fr\/emballages-menagers-et-papiers-graphiques<\/a><\/p>\n\n\n\n<p><strong>Au plaisir de vous entendre\/lire\/voir prochainement \ud83d\ude0a<\/strong><\/p>\n\n\n\n<div style=\"height:40px\" aria-hidden=\"true\" class=\"wp-block-spacer\"><\/div>\n\n\n\n<div class=\"wp-block-buttons is-layout-flex wp-block-buttons-is-layout-flex\">\n<div class=\"wp-block-button\"><a class=\"wp-block-button__link wp-element-button\" href=\"https:\/\/bocaux-co.assoconnect.com\/collect\/description\/182771-g-bocaux-co\" rel=\"nofollow noopener\" target=\"_blank\">ADH\u00c9RER<\/a><\/div>\n<\/div>\n\n\n\n<div style=\"height:40px\" aria-hidden=\"true\" class=\"wp-block-spacer\"><\/div>\n\n\n\n<figure class=\"wp-block-image\"><img decoding=\"async\" width=\"300\" height=\"65\" src=\"https:\/\/www.studio.eklozia.fr\/bocauxco\/wp-content\/uploads\/2024\/06\/logo-partenaire-300x65.png\" alt=\"\" class=\"wp-image-33556\"\/><\/figure>\n","protected":false},"excerpt":{"rendered":"<p>L\u2019\u00e9t\u00e9 approche Et c\u2019est le temps pour Bocaux&amp;co le temps pour faire une pause. Aussi, nos activit\u00e9s seront en sommeil du 22 juillet au 18 ao\u00fbt. Pendant cette p\u00e9riode&nbsp;: Alors, que vous soyez professionnel.le, citoyen.ne, partenaire, n\u2019h\u00e9sitez pas \u00e0 nous faire signe d\u00e8s maintenant pour que nous puissions anticiper vos besoins avant la p\u00e9riode de [&hellip;]<\/p>\n","protected":false},"author":1,"featured_media":33555,"comment_status":"closed","ping_status":"open","sticky":false,"template":"","format":"standard","meta":{"_et_pb_use_builder":"off","_et_pb_old_content":"","_et_gb_content_width":"","footnotes":""},"categories":[36],"tags":[],"class_list":["post-33553","post","type-post","status-publish","format-standard","has-post-thumbnail","hentry","category-infolettre"],"_links":{"self":[{"href":"https:\/\/www.studio.eklozia.fr\/bocauxco\/wp-json\/wp\/v2\/posts\/33553","targetHints":{"allow":["GET"]}}],"collection":[{"href":"https:\/\/www.studio.eklozia.fr\/bocauxco\/wp-json\/wp\/v2\/posts"}],"about":[{"href":"https:\/\/www.studio.eklozia.fr\/bocauxco\/wp-json\/wp\/v2\/types\/post"}],"author":[{"embeddable":true,"href":"https:\/\/www.studio.eklozia.fr\/bocauxco\/wp-json\/wp\/v2\/users\/1"}],"replies":[{"embeddable":true,"href":"https:\/\/www.studio.eklozia.fr\/bocauxco\/wp-json\/wp\/v2\/comments?post=33553"}],"version-history":[{"count":8,"href":"https:\/\/www.studio.eklozia.fr\/bocauxco\/wp-json\/wp\/v2\/posts\/33553\/revisions"}],"predecessor-version":[{"id":267408,"href":"https:\/\/www.studio.eklozia.fr\/bocauxco\/wp-json\/wp\/v2\/posts\/33553\/revisions\/267408"}],"wp:featuredmedia":[{"embeddable":true,"href":"https:\/\/www.studio.eklozia.fr\/bocauxco\/wp-json\/wp\/v2\/media\/33555"}],"wp:attachment":[{"href":"https:\/\/www.studio.eklozia.fr\/bocauxco\/wp-json\/wp\/v2\/media?parent=33553"}],"wp:term":[{"taxonomy":"category","embeddable":true,"href":"https:\/\/www.studio.eklozia.fr\/bocauxco\/wp-json\/wp\/v2\/categories?post=33553"},{"taxonomy":"post_tag","embeddable":true,"href":"https:\/\/www.studio.eklozia.fr\/bocauxco\/wp-json\/wp\/v2\/tags?post=33553"}],"curies":[{"name":"wp","href":"https:\/\/api.w.org\/{rel}","templated":true}]}}