{"id":33589,"date":"2024-05-06T11:59:15","date_gmt":"2024-05-06T09:59:15","guid":{"rendered":"https:\/\/bocaux-and-co.fr\/?p=33589"},"modified":"2024-05-06T11:59:15","modified_gmt":"2024-05-06T09:59:15","slug":"article-la-cooperation-en-action","status":"publish","type":"post","link":"https:\/\/www.studio.eklozia.fr\/bocauxco\/article-la-cooperation-en-action\/","title":{"rendered":"[ article ] &#8211; \u00ab\u00a0La coop\u00e9ration en action\u201d &#8211;"},"content":{"rendered":"\n<p>\ud835\udddf\ud835\uddee \ud835\uddf0\ud835\uddfc\ud835\uddfc\ud835\uddfd\ud835\uddf2\u0301\ud835\uddff\ud835\uddee\ud835\ude01\ud835\uddf6\ud835\uddfc\ud835\uddfb \ud835\uddf2\ud835\uddfb \ud835\uddee\ud835\uddf0\ud835\ude01\ud835\uddf6\ud835\uddfc\ud835\uddfb <img decoding=\"async\" height=\"16\" width=\"16\" alt=\"\ud83e\uded9\" src=\"https:\/\/static.xx.fbcdn.net\/images\/emoji.php\/v9\/t8e\/1\/16\/1fad9.png\"><\/p>\n\n\n\n<p>\u201c Ensemble, citoyens + professionnels + collectivit\u00e9s, faisons du bocal une richesse pour notre territoire \u201d \ud83d\ude0a<\/p>\n\n\n\n<p>C\u2019est toujours fid\u00e8le \u00e0 sa devise que Bocaux&amp;co poursuit le d\u00e9veloppement du r\u00e9emploi des bocaux sur son territoire. L\u2019enjeu est aujourd\u2019hui de cr\u00e9er une structure coop\u00e9rative professionnelle articul\u00e9e \u00e0 l\u2019association existante.<\/p>\n\n\n\n<p>\ud835\uddd6\ud835\uddf2\ud835\uddf9\ud835\uddee \ud835\uddfd\ud835\uddee\ud835\ude00\ud835\ude00\ud835\uddf2 \ud835\uddef\ud835\uddf6\ud835\uddf2\ud835\uddfb \ud835\ude00\ud835\ude02\u0302\ud835\uddff \ud835\uddfd\ud835\uddee\ud835\uddff \ud835\uddf9\ud835\uddee \ud835\uddd6\ud835\udde2\ud835\uddfc\ud835\uddfd\ud835\uddf2\u0301\ud835\uddff\ud835\uddee\ud835\ude01\ud835\uddf6\ud835\uddfc\ud835\uddfb, \ud835\uddf9\ud835\uddee \ud835\uddd6\ud835\udde2\ud835\uddf9\ud835\uddf9\ud835\uddee\ud835\uddef\ud835\uddfc\ud835\uddff\ud835\uddee\ud835\ude01\ud835\uddf6\ud835\uddfc\ud835\uddfb, \ud835\uddf9\ud835\uddee \ud835\uddd6\ud835\udde2-\ud835\uddf0\ud835\uddfc\ud835\uddfb\ud835\ude00\ud835\ude01\ud835\uddff\ud835\ude02\ud835\uddf0\ud835\ude01\ud835\uddf6\ud835\uddfc\ud835\uddfb, \ud835\uddf9\ud835\uddf2 \ud835\uddd6\ud835\udde2\ud835\uddf9\ud835\uddf9\ud835\uddf2\ud835\uddf0\ud835\ude01\ud835\uddf6\ud835\uddf3\u2026<\/p>\n\n\n\n<p>Pour valoriser et encourager cette dynamique coop\u00e9rative, Bocaux&amp;co a notamment \u00e9t\u00e9 mis \u00e0 l&rsquo;honneur par l&rsquo;ADEME via une vid\u00e9o, r\u00e9alis\u00e9e par <a href=\"https:\/\/www.facebook.com\/profile.php?id=100057082495444&amp;__cft__[0]=AZVBlhAb48tsmTzaRUPBR0VVBWseDpaxa1iQ1yxyEZJOrRAZOBbvEpwGRSNIKzppQaog-Mx3wHLJPHSh5jBibDig21BSUeUR05vsSg0z_vMi33HkIP3PWjtNGO3HcAGIpLQ_w4j0iAqbQYdL-WQqarsAN072fVvsDY2ITvloEF-SAmcR-gbbneljsgmdPZ_Z8A9TDkcWcsiy4gGTNO7klFQt&amp;__tn__=-]K-R\" rel=\"nofollow noopener\" target=\"_blank\">AnotherVision Production<\/a><img decoding=\"async\" height=\"16\" width=\"16\" alt=\"\ud83c\udfa5\" src=\"https:\/\/static.xx.fbcdn.net\/images\/emoji.php\/v9\/tff\/1\/16\/1f3a5.png\"><\/p>\n\n\n\n<p>Merci \u00e0 <a href=\"https:\/\/www.facebook.com\/profile.php?id=100085428952798&amp;__cft__[0]=AZVBlhAb48tsmTzaRUPBR0VVBWseDpaxa1iQ1yxyEZJOrRAZOBbvEpwGRSNIKzppQaog-Mx3wHLJPHSh5jBibDig21BSUeUR05vsSg0z_vMi33HkIP3PWjtNGO3HcAGIpLQ_w4j0iAqbQYdL-WQqarsAN072fVvsDY2ITvloEF-SAmcR-gbbneljsgmdPZ_Z8A9TDkcWcsiy4gGTNO7klFQt&amp;__tn__=-]K-R\" rel=\"nofollow noopener\" target=\"_blank\">ADEME Bourgogne-Franche-Comt\u00e9<\/a> qui a pr\u00e9sent\u00e9 cette vid\u00e9o lors de <a href=\"https:\/\/www.facebook.com\/LGDEADEME?__cft__[0]=AZVBlhAb48tsmTzaRUPBR0VVBWseDpaxa1iQ1yxyEZJOrRAZOBbvEpwGRSNIKzppQaog-Mx3wHLJPHSh5jBibDig21BSUeUR05vsSg0z_vMi33HkIP3PWjtNGO3HcAGIpLQ_w4j0iAqbQYdL-WQqarsAN072fVvsDY2ITvloEF-SAmcR-gbbneljsgmdPZ_Z8A9TDkcWcsiy4gGTNO7klFQt&amp;__tn__=-]K-R\" rel=\"nofollow noopener\" target=\"_blank\">Le Grand D\u00e9fi Ecologique &#8211; ADEME<\/a> le mois dernier, et qui, avec <a href=\"https:\/\/www.facebook.com\/FranceActiveBourgogne?__cft__[0]=AZVBlhAb48tsmTzaRUPBR0VVBWseDpaxa1iQ1yxyEZJOrRAZOBbvEpwGRSNIKzppQaog-Mx3wHLJPHSh5jBibDig21BSUeUR05vsSg0z_vMi33HkIP3PWjtNGO3HcAGIpLQ_w4j0iAqbQYdL-WQqarsAN072fVvsDY2ITvloEF-SAmcR-gbbneljsgmdPZ_Z8A9TDkcWcsiy4gGTNO7klFQt&amp;__tn__=-]K-R\" rel=\"nofollow noopener\" target=\"_blank\">France Active Bourgogne<\/a>, soutient l\u2019aventure Bocaux&amp;co depuis le d\u00e9but <img decoding=\"async\" height=\"16\" width=\"16\" alt=\"\u263a\ufe0f\" src=\"https:\/\/static.xx.fbcdn.net\/images\/emoji.php\/v9\/tfb\/1\/16\/263a.png\"><\/p>\n\n\n\n<figure class=\"wp-block-video\"><video height=\"1080\" style=\"aspect-ratio: 1920 \/ 1080;\" width=\"1920\" controls poster=\"https:\/\/www.studio.eklozia.fr\/bocauxco\/wp-content\/uploads\/2024\/05\/la-cooperation-le-projet-bocauxco.jpg\" src=\"https:\/\/www.studio.eklozia.fr\/bocauxco\/wp-content\/uploads\/2024\/04\/8.film_cooperation_ademe_bfc_-_bocaux__co_v3-1080p.mp4\" playsinline><\/video><\/figure>\n\n\n","protected":false},"excerpt":{"rendered":"<p>\u201c Ensemble, citoyens + professionnels + collectivit\u00e9s, faisons du bocal une richesse pour notre territoire \u201d \ud83d\ude0a<\/p>\n<p>C\u2019est toujours fid\u00e8le \u00e0 sa devise que Bocaux&#038;co poursuit le d\u00e9veloppement du r\u00e9emploi des bocaux sur son territoire. L\u2019enjeu est aujourd\u2019hui de cr\u00e9er une structure coop\u00e9rative professionnelle articul\u00e9e \u00e0 l\u2019association existante.<\/p>\n","protected":false},"author":1,"featured_media":33593,"comment_status":"open","ping_status":"open","sticky":false,"template":"","format":"standard","meta":{"_et_pb_use_builder":"","_et_pb_old_content":"","_et_gb_content_width":"","footnotes":""},"categories":[37],"tags":[],"class_list":["post-33589","post","type-post","status-publish","format-standard","has-post-thumbnail","hentry","category-medias"],"_links":{"self":[{"href":"https:\/\/www.studio.eklozia.fr\/bocauxco\/wp-json\/wp\/v2\/posts\/33589","targetHints":{"allow":["GET"]}}],"collection":[{"href":"https:\/\/www.studio.eklozia.fr\/bocauxco\/wp-json\/wp\/v2\/posts"}],"about":[{"href":"https:\/\/www.studio.eklozia.fr\/bocauxco\/wp-json\/wp\/v2\/types\/post"}],"author":[{"embeddable":true,"href":"https:\/\/www.studio.eklozia.fr\/bocauxco\/wp-json\/wp\/v2\/users\/1"}],"replies":[{"embeddable":true,"href":"https:\/\/www.studio.eklozia.fr\/bocauxco\/wp-json\/wp\/v2\/comments?post=33589"}],"version-history":[{"count":2,"href":"https:\/\/www.studio.eklozia.fr\/bocauxco\/wp-json\/wp\/v2\/posts\/33589\/revisions"}],"predecessor-version":[{"id":267938,"href":"https:\/\/www.studio.eklozia.fr\/bocauxco\/wp-json\/wp\/v2\/posts\/33589\/revisions\/267938"}],"wp:featuredmedia":[{"embeddable":true,"href":"https:\/\/www.studio.eklozia.fr\/bocauxco\/wp-json\/wp\/v2\/media\/33593"}],"wp:attachment":[{"href":"https:\/\/www.studio.eklozia.fr\/bocauxco\/wp-json\/wp\/v2\/media?parent=33589"}],"wp:term":[{"taxonomy":"category","embeddable":true,"href":"https:\/\/www.studio.eklozia.fr\/bocauxco\/wp-json\/wp\/v2\/categories?post=33589"},{"taxonomy":"post_tag","embeddable":true,"href":"https:\/\/www.studio.eklozia.fr\/bocauxco\/wp-json\/wp\/v2\/tags?post=33589"}],"curies":[{"name":"wp","href":"https:\/\/api.w.org\/{rel}","templated":true}]}}