{"id":33599,"date":"2024-04-30T12:21:04","date_gmt":"2024-04-30T10:21:04","guid":{"rendered":"https:\/\/bocaux-and-co.fr\/?p=33599"},"modified":"2024-04-30T12:21:04","modified_gmt":"2024-04-30T10:21:04","slug":"evenement-bocauxco-reconnu-dinteret-general","status":"publish","type":"post","link":"https:\/\/www.studio.eklozia.fr\/bocauxco\/evenement-bocauxco-reconnu-dinteret-general\/","title":{"rendered":"[ Ev\u00e9nement ] &#8211; Bocaux&amp;co, reconnu d&rsquo;inter\u00eat g\u00e9n\u00e9ral"},"content":{"rendered":"\n<p>Bocaux&amp;co est ravi de vous informer que l\u2019association vient d\u2019\u00eatre reconnue d\u2019int\u00e9r\u00eat g\u00e9n\u00e9ral.<\/p>\n\n\n\n<p>C\u2019est une belle reconnaissance de l\u2019action de l\u2019association qui accompagne le d\u00e9veloppement du r\u00e9emploi des bocaux sur la m\u00e9tropole dijonnaise, et contribue donc \u00e0 l\u2019\u00e9cosyst\u00e8me local dans l\u2019int\u00e9r\u00eat de nous tou.te.s.<\/p>\n\n\n\n<p>Elle <a><\/a>vient confirmer le slogan de Bocaux&amp;co : \ud835\uddf2\ud835\uddfb\ud835\ude00\ud835\uddf2\ud835\uddfa\ud835\uddef\ud835\uddf9\ud835\uddf2, \ud835\uddf0\ud835\uddf6\ud835\ude01\ud835\uddfc\ud835\ude06\ud835\uddf2\ud835\uddfb\ud835\ude00 + \ud835\uddfd\ud835\uddff\ud835\uddfc\ud835\uddf3\ud835\uddf2\ud835\ude00\ud835\ude00\ud835\uddf6\ud835\uddfc\ud835\uddfb\ud835\uddfb\ud835\uddf2\ud835\uddf9\ud835\ude00 + \ud835\uddf0\ud835\uddfc\ud835\uddf9\ud835\uddf9\ud835\uddf2\ud835\uddf0\ud835\ude01\ud835\uddf6\ud835\ude03\ud835\uddf6\ud835\ude01\ud835\uddf2\u0301\ud835\ude00, \ud835\uddf3\ud835\uddee\ud835\uddf6\ud835\ude00\ud835\uddfc\ud835\uddfb\ud835\ude00 \ud835\uddf1\ud835\ude02 \ud835\uddef\ud835\uddfc\ud835\uddf0\ud835\uddee\ud835\uddf9 \ud835\ude02\ud835\uddfb\ud835\uddf2 \ud835\uddff\ud835\uddf6\ud835\uddf0\ud835\uddf5\ud835\uddf2\ud835\ude00\ud835\ude00\ud835\uddf2 \ud835\uddfd\ud835\uddfc\ud835\ude02\ud835\uddff \ud835\uddfb\ud835\uddfc\ud835\ude01\ud835\uddff\ud835\uddf2 \ud835\ude01\ud835\uddf2\ud835\uddff\ud835\uddff\ud835\uddf6\ud835\ude01\ud835\uddfc\ud835\uddf6\ud835\uddff\ud835\uddf2. <img decoding=\"async\" height=\"16\" width=\"16\" alt=\"\ud83e\udd1d\ud83c\udffb\" src=\"https:\/\/static.xx.fbcdn.net\/images\/emoji.php\/v9\/tdf\/1\/16\/1f91d_1f3fb.png\"><\/p>\n\n\n\n<p>C\u2019est aussi une opportunit\u00e9 pour les adh\u00e9rent.e.s et m\u00e9c\u00e8nes de pouvoir d\u00e9duire leurs contributions financi\u00e8res de leurs imp\u00f4ts <img decoding=\"async\" height=\"16\" width=\"16\" alt=\"\ud83d\ude09\" src=\"https:\/\/static.xx.fbcdn.net\/images\/emoji.php\/v9\/t57\/1\/16\/1f609.png\"><\/p>\n\n\n\n<p>Une raison de plus d\u2019adh\u00e9rer ou faire un don \u00e0 Bocaux&amp;co : <a href=\"https:\/\/l.facebook.com\/l.php?u=https%3A%2F%2Fbocaux-co.assoconnect.com%2Fcollect%2Fdescription%2F182771-g-b%3Ffbclid%3DIwZXh0bgNhZW0CMTAAAR1DlLjOCOV3epea8uq7SQSgHx7OIN9R4gE2qXPgMo7VjqdcOIgP_XwEf78_aem_DN9j4WnkLVIUTBGfEndc9A&amp;h=AT1m4IRa7gTUaGxjI_gYnZySTfeQRQAaZ_3OTcmoPoOt5tbGfNh6muBhT3IMQ91Am6JDovjCxWqpDIDz-bDObIZcqyEYTvDA1hmXCGQr9MlCKFfQS0EbfueU0vFyWIG97w9uSHwmK4sKsxKTaQ&amp;__tn__=-UK-R&amp;c[0]=AT3jM1vcdOMqeny2cAEYTTwxoVacqvD8vLyo9fHeb4W93Hyk9rV5nnPeEI8D9uzd2BVEl5sRsqyE-1f2r3bVI9kchVDooJ2NWkoUlrGJVS-MPe4HZM6Z6CT-rmLtVy_0gKhPKYcLpemiV0oUJtydOIx2W4_WoKY4tc9KN6OlOpNxlJGwPWFCE6exSSVK6hT96QOo0-Tx8fjCG2DnfvdUnAc0jA\" rel=\"noreferrer noopener nofollow\" target=\"_blank\">https:\/\/bocaux-co.assoconnect.com\/&#8230;\/description\/182771-g-b<\/a><\/p>\n\n\n\n<div class=\"wp-block-columns is-layout-flex wp-container-core-columns-is-layout-9d6595d7 wp-block-columns-is-layout-flex\">\n<div class=\"wp-block-column is-layout-flow wp-block-column-is-layout-flow\"><\/div>\n<\/div>\n\n\n","protected":false},"excerpt":{"rendered":"<p>Bocaux&#038;co est ravi de vous informer que l\u2019association vient d\u2019\u00eatre reconnue d\u2019int\u00e9r\u00eat g\u00e9n\u00e9ral.<\/p>\n<p>C\u2019est une belle reconnaissance de l\u2019action de l\u2019association qui accompagne le d\u00e9veloppement du r\u00e9emploi des bocaux sur la m\u00e9tropole dijonnaise, et contribue donc \u00e0 l\u2019\u00e9cosyst\u00e8me local dans l\u2019int\u00e9r\u00eat de nous tou.te.s.<\/p>\n","protected":false},"author":1,"featured_media":33600,"comment_status":"open","ping_status":"open","sticky":false,"template":"","format":"standard","meta":{"_et_pb_use_builder":"","_et_pb_old_content":"","_et_gb_content_width":"","footnotes":""},"categories":[38],"tags":[],"class_list":["post-33599","post","type-post","status-publish","format-standard","has-post-thumbnail","hentry","category-evenements"],"_links":{"self":[{"href":"https:\/\/www.studio.eklozia.fr\/bocauxco\/wp-json\/wp\/v2\/posts\/33599","targetHints":{"allow":["GET"]}}],"collection":[{"href":"https:\/\/www.studio.eklozia.fr\/bocauxco\/wp-json\/wp\/v2\/posts"}],"about":[{"href":"https:\/\/www.studio.eklozia.fr\/bocauxco\/wp-json\/wp\/v2\/types\/post"}],"author":[{"embeddable":true,"href":"https:\/\/www.studio.eklozia.fr\/bocauxco\/wp-json\/wp\/v2\/users\/1"}],"replies":[{"embeddable":true,"href":"https:\/\/www.studio.eklozia.fr\/bocauxco\/wp-json\/wp\/v2\/comments?post=33599"}],"version-history":[{"count":0,"href":"https:\/\/www.studio.eklozia.fr\/bocauxco\/wp-json\/wp\/v2\/posts\/33599\/revisions"}],"wp:featuredmedia":[{"embeddable":true,"href":"https:\/\/www.studio.eklozia.fr\/bocauxco\/wp-json\/wp\/v2\/media\/33600"}],"wp:attachment":[{"href":"https:\/\/www.studio.eklozia.fr\/bocauxco\/wp-json\/wp\/v2\/media?parent=33599"}],"wp:term":[{"taxonomy":"category","embeddable":true,"href":"https:\/\/www.studio.eklozia.fr\/bocauxco\/wp-json\/wp\/v2\/categories?post=33599"},{"taxonomy":"post_tag","embeddable":true,"href":"https:\/\/www.studio.eklozia.fr\/bocauxco\/wp-json\/wp\/v2\/tags?post=33599"}],"curies":[{"name":"wp","href":"https:\/\/api.w.org\/{rel}","templated":true}]}}