{"id":33603,"date":"2024-05-13T12:34:42","date_gmt":"2024-05-13T10:34:42","guid":{"rendered":"https:\/\/bocaux-and-co.fr\/?p=33603"},"modified":"2024-05-13T12:34:42","modified_gmt":"2024-05-13T10:34:42","slug":"evenement-salon-du-vrac-et-du-reemploi","status":"publish","type":"post","link":"https:\/\/www.studio.eklozia.fr\/bocauxco\/evenement-salon-du-vrac-et-du-reemploi\/","title":{"rendered":"[ Ev\u00e9nement ] &#8211; Salon du vrac et du r\u00e9emploi"},"content":{"rendered":"\n<p><a href=\"https:\/\/www.facebook.com\/bocauxandcodijon?__cft__[0]=AZVwAqhzOe22u3Zm68SfBSPABJ6KgpvxulMqkjwyS1boiJpXF0pkwGG2ssf0jlSZ6PkjX5_DdPFoKm_qrITUz1XdY5dR2bqtcr3CnKtw2rp3UN5lDiUBRZVcX6-nSFarQ6VbC27d4WL3nl9QR9JEaWQ4z8-jB3MqLReiH51nkCLIXjWagMDhe0Aab93ozCWI-fchOJAZWCGFmALKvK8cJineKX03-uJzFrpx5zyni5qozQ&amp;__tn__=-]K-R\" rel=\"nofollow noopener\" target=\"_blank\">bocaux&amp;co<\/a> y participait bien s\u00fbr (en tant que visiteur) : un moment important pour rencontrer des apporteurs de solutions techniques (consigne, lavage&#8230;) et pour prendre la mesure de l&rsquo;\u00e9volution positive vers le r\u00e9emploi = les industriels, les territoires, les collectivit\u00e9s entrent dans la dynamique !!!<\/p>\n\n\n\n<p>Quelques chiffres :<\/p>\n\n\n\n<p>\u2022 <img decoding=\"async\" height=\"16\" width=\"16\" src=\"https:\/\/static.xx.fbcdn.net\/images\/emoji.php\/v9\/t99\/1\/16\/32_20e3.png\" alt=\"2\ufe0f\u20e3\"><img decoding=\"async\" height=\"16\" width=\"16\" src=\"https:\/\/static.xx.fbcdn.net\/images\/emoji.php\/v9\/t5b\/1\/16\/30_20e3.png\" alt=\"0\ufe0f\u20e3\"><img decoding=\"async\" height=\"16\" width=\"16\" src=\"https:\/\/static.xx.fbcdn.net\/images\/emoji.php\/v9\/t5b\/1\/16\/30_20e3.png\" alt=\"0\ufe0f\u20e3\"><img decoding=\"async\" height=\"16\" width=\"16\" src=\"https:\/\/static.xx.fbcdn.net\/images\/emoji.php\/v9\/t5b\/1\/16\/30_20e3.png\" alt=\"0\ufe0f\u20e3\"> professionnels fran\u00e7ais et internationaux r\u00e9unis durant 2 jours \u00e0 Paris;<\/p>\n\n\n\n<p>\u2022 <img decoding=\"async\" height=\"16\" width=\"16\" src=\"https:\/\/static.xx.fbcdn.net\/images\/emoji.php\/v9\/tb8\/1\/16\/33_20e3.png\" alt=\"3\ufe0f\u20e3\"><img decoding=\"async\" height=\"16\" width=\"16\" src=\"https:\/\/static.xx.fbcdn.net\/images\/emoji.php\/v9\/t5b\/1\/16\/30_20e3.png\" alt=\"0\ufe0f\u20e3\"> conf\u00e9rences ;<\/p>\n\n\n\n<p>\u2022 <img decoding=\"async\" height=\"16\" width=\"16\" src=\"https:\/\/static.xx.fbcdn.net\/images\/emoji.php\/v9\/t7a\/1\/16\/31_20e3.png\" alt=\"1\ufe0f\u20e3\"><img decoding=\"async\" height=\"16\" width=\"16\" src=\"https:\/\/static.xx.fbcdn.net\/images\/emoji.php\/v9\/t34\/1\/16\/37_20e3.png\" alt=\"7\ufe0f\u20e3\"> journalistes et <img decoding=\"async\" height=\"16\" width=\"16\" src=\"https:\/\/static.xx.fbcdn.net\/images\/emoji.php\/v9\/tf6\/1\/16\/35_20e3.png\" alt=\"5\ufe0f\u20e3\"><img decoding=\"async\" height=\"16\" width=\"16\" src=\"https:\/\/static.xx.fbcdn.net\/images\/emoji.php\/v9\/t5b\/1\/16\/30_20e3.png\" alt=\"0\ufe0f\u20e3\"> citations de la rencontre dans les m\u00e9dias <img decoding=\"async\" height=\"16\" width=\"16\" src=\"https:\/\/static.xx.fbcdn.net\/images\/emoji.php\/v9\/tdd\/1\/16\/270d_1f3fb.png\" alt=\"\u270d\ud83c\udffb\"><\/p>\n\n\n\n<p>Avec pour objectifs pour cette 6e \u00e9dition :<\/p>\n\n\n\n<p>\u2776 Positionner le salon de Paris comme le grand rendez-vous <a href=\"https:\/\/www.facebook.com\/hashtag\/international?__eep__=6&amp;__cft__[0]=AZVwAqhzOe22u3Zm68SfBSPABJ6KgpvxulMqkjwyS1boiJpXF0pkwGG2ssf0jlSZ6PkjX5_DdPFoKm_qrITUz1XdY5dR2bqtcr3CnKtw2rp3UN5lDiUBRZVcX6-nSFarQ6VbC27d4WL3nl9QR9JEaWQ4z8-jB3MqLReiH51nkCLIXjWagMDhe0Aab93ozCWI-fchOJAZWCGFmALKvK8cJineKX03-uJzFrpx5zyni5qozQ&amp;__tn__=*NK-y-R\" rel=\"nofollow noopener\" target=\"_blank\">international<\/a> de fili\u00e8re du r\u00e9emploi<\/p>\n\n\n\n<p>\u2777 Ouvrir le salon au <a href=\"https:\/\/www.facebook.com\/hashtag\/r%C3%A9emploi?__eep__=6&amp;__cft__[0]=AZVwAqhzOe22u3Zm68SfBSPABJ6KgpvxulMqkjwyS1boiJpXF0pkwGG2ssf0jlSZ6PkjX5_DdPFoKm_qrITUz1XdY5dR2bqtcr3CnKtw2rp3UN5lDiUBRZVcX6-nSFarQ6VbC27d4WL3nl9QR9JEaWQ4z8-jB3MqLReiH51nkCLIXjWagMDhe0Aab93ozCWI-fchOJAZWCGFmALKvK8cJineKX03-uJzFrpx5zyni5qozQ&amp;__tn__=*NK-y-R\" rel=\"nofollow noopener\" target=\"_blank\">r\u00e9emploi<\/a> dans son sens le plus large avec un village d\u00e9di\u00e9 au reconditionnement, \u00e0 la r\u00e9paration et \u00e0 la seconde main<\/p>\n\n\n\n<p>Merci \u00e0 <a href=\"https:\/\/www.facebook.com\/reseauvracreemploi?__cft__[0]=AZVHFTqCziXMINDRI1INZ5jI_2-TiL6wL0UOj__8GakFDJ1XimN4M-FEpEXZ4Lfs47rx-OR-kmpI6w5eoxw4tpxAUOAsflTNI5ZRHmUMKmfpJ46mXhHu038S-J5iIlwTetmIQiOLgaaA5ALGIXG--U4rAZH5hKVYY_AfF8F3yEohrj2gnJuGstY15dg0SrudkZcqvh56X1Xrl8DmTznT8NmDmwbVcntOtapJBzSqeXyAOg&amp;__tn__=-]K-R\" rel=\"nofollow noopener\" target=\"_blank\">R\u00e9seau Vrac et R\u00e9emploi<\/a> d&rsquo;organiser ce temps tr\u00e8s pr\u00e9cieux <img decoding=\"async\" height=\"16\" width=\"16\" alt=\"\ud83d\ude00\" src=\"https:\/\/static.xx.fbcdn.net\/images\/emoji.php\/v9\/tce\/1\/16\/1f600.png\"><\/p>\n\n\n\n<div class=\"wp-block-columns is-layout-flex wp-container-core-columns-is-layout-9d6595d7 wp-block-columns-is-layout-flex\">\n<div class=\"wp-block-column is-layout-flow wp-block-column-is-layout-flow\"><\/div>\n<\/div>\n\n\n\n\n\n<p><\/p>\n","protected":false},"excerpt":{"rendered":"<p>Un salon particuli\u00e8rement attendu cette ann\u00e9e par les acteurs professionnels du vrac et du r\u00e9emploi : Citeo et L\u00e9ko devraient annoncer les modalit\u00e9s de leurs soutiens en faveur du r\u00e9emploi (et pas seulement du recyclage )<\/p>\n","protected":false},"author":1,"featured_media":33604,"comment_status":"open","ping_status":"open","sticky":false,"template":"","format":"standard","meta":{"_et_pb_use_builder":"","_et_pb_old_content":"","_et_gb_content_width":"","footnotes":""},"categories":[38],"tags":[],"class_list":["post-33603","post","type-post","status-publish","format-standard","has-post-thumbnail","hentry","category-evenements"],"_links":{"self":[{"href":"https:\/\/www.studio.eklozia.fr\/bocauxco\/wp-json\/wp\/v2\/posts\/33603","targetHints":{"allow":["GET"]}}],"collection":[{"href":"https:\/\/www.studio.eklozia.fr\/bocauxco\/wp-json\/wp\/v2\/posts"}],"about":[{"href":"https:\/\/www.studio.eklozia.fr\/bocauxco\/wp-json\/wp\/v2\/types\/post"}],"author":[{"embeddable":true,"href":"https:\/\/www.studio.eklozia.fr\/bocauxco\/wp-json\/wp\/v2\/users\/1"}],"replies":[{"embeddable":true,"href":"https:\/\/www.studio.eklozia.fr\/bocauxco\/wp-json\/wp\/v2\/comments?post=33603"}],"version-history":[{"count":0,"href":"https:\/\/www.studio.eklozia.fr\/bocauxco\/wp-json\/wp\/v2\/posts\/33603\/revisions"}],"wp:featuredmedia":[{"embeddable":true,"href":"https:\/\/www.studio.eklozia.fr\/bocauxco\/wp-json\/wp\/v2\/media\/33604"}],"wp:attachment":[{"href":"https:\/\/www.studio.eklozia.fr\/bocauxco\/wp-json\/wp\/v2\/media?parent=33603"}],"wp:term":[{"taxonomy":"category","embeddable":true,"href":"https:\/\/www.studio.eklozia.fr\/bocauxco\/wp-json\/wp\/v2\/categories?post=33603"},{"taxonomy":"post_tag","embeddable":true,"href":"https:\/\/www.studio.eklozia.fr\/bocauxco\/wp-json\/wp\/v2\/tags?post=33603"}],"curies":[{"name":"wp","href":"https:\/\/api.w.org\/{rel}","templated":true}]}}