{"id":15,"date":"2010-08-28T21:08:19","date_gmt":"2010-08-28T20:08:19","guid":{"rendered":"http:\/\/www.meszaventures.lydie-boffy.net\/?p=15"},"modified":"2010-08-28T21:08:19","modified_gmt":"2010-08-28T20:08:19","slug":"chrodegang-et-pompidou","status":"publish","type":"post","link":"https:\/\/www.studio.eklozia.fr\/lydiesevade\/chrodegang-et-pompidou\/","title":{"rendered":"Chrodegang et Pompidou"},"content":{"rendered":"<p style=\"text-align: justify;\">Qu&rsquo;ont en commun ce cher Chrodegang et Georges Pompidou ? Metz bien s\u00fbr !<\/p>\n<p style=\"text-align: justify;\">Nous avons profit\u00e9, avec Christine et Herv\u00e9, d&rsquo;un week-end de la fin du mois d&rsquo;ao\u00fbt pour visiter les villes de Metz et Nancy, et surtout, le nouveau mus\u00e9e qui a fait tant de bruit ces derniers mois \u2013 il a \u00e9t\u00e9 inaugur\u00e9 en mai \u2013, le <a href=\"http:\/\/www.centrepompidou-metz.fr\/site\/?lang=fr\" rel=\"nofollow noopener\" target=\"_blank\">Centre Pompidou-Metz<\/a>.<\/p>\n<p style=\"text-align: center;\"><a href=\"http:\/\/lydie-boffy.net\/Images-blog\/Metz-Nancy\/Pompidou\/50-Portraits ext5.jpg\" rel=\"nofollow noopener\" target=\"_blank\"><img decoding=\"async\" class=\"alignnone\" style=\"border: 0pt none;\" src=\"http:\/\/lydie-boffy.net\/Images-blog\/Metz-Nancy\/Pompidou\/Miniatures\/50-Portraits ext5.jpg\" alt=\"\" \/><\/a><\/p>\n<p style=\"text-align: center;\"><a href=\"http:\/\/lydie-boffy.net\/Images-blog\/Metz-Nancy\/Pompidou\/50-Portraits ext9.jpg\" rel=\"nofollow noopener\" target=\"_blank\"><img decoding=\"async\" class=\"alignnone\" style=\"border: 0pt none;\" src=\"http:\/\/lydie-boffy.net\/Images-blog\/Metz-Nancy\/Pompidou\/Miniatures\/50-Portraits ext9.jpg\" alt=\"\" \/><\/a><\/p>\n<p style=\"text-align: justify;\">Ce mus\u00e9e est un lieu tr\u00e8s particulier par sa conception. Il est un petit fr\u00e8re du <a href=\"http:\/\/www.centrepompidou.fr\/\" rel=\"nofollow noopener\" target=\"_blank\">Centre Georges Pompidou de Paris<\/a>, et con\u00e7u pour accueillir des expositions temporaires tournantes. Le Centre Pompidou-Metz n&rsquo;abrite ainsi <!--more-->aucune collection qui lui soit propre, mais r\u00e9unit des oeuvres de plusieurs mus\u00e9es \u2013 et particuli\u00e8rement de son grand fr\u00e8re parisien \u2013 pour des expositions qui ont toutes une probl\u00e9matique propre. C&rsquo;est l\u00e0 que r\u00e9side tout l&rsquo;int\u00e9r\u00eat du mus\u00e9e, qui invite de ce fait les visiteurs \u00e0 revenir \u00e0 chaque nouvelle exposition. Pour plus de pr\u00e9cisions, voici ce que dit le site officiel.<\/p>\n<blockquote style=\"text-align: justify;\"><p>Le Centre Pompidou-Metz s\u2019inscrit en droite ligne de la vocation originelle du Centre Pompidou\u00a0: pr\u00e9senter et faire d\u00e9couvrir toutes les formes d\u2019expression artistique, sensibiliser le plus large public aux oeuvres majeures des XXe et XXIe si\u00e8cles et s\u2019inscrire dans le paysage culturel de l\u2019Europe. En \u00e9tant un grand centre d\u2019expositions et d\u2019initiatives artistiques, reflet de la cr\u00e9ation contemporaine.<\/p><\/blockquote>\n<blockquote style=\"text-align: justify;\"><p>Le Centre Pompidou-Metz [est] la premi\u00e8re d\u00e9centralisation d\u2019une grande institution culturelle nationale et parisienne [\u2026]. Il [b\u00e9n\u00e9ficie] d\u2019atouts inestimables\u00a0: un acc\u00e8s privil\u00e9gi\u00e9 \u00e0 la collection du Centre Pompidou [qui ne peut pr\u00e9senter au public que 1\u00a0300 de ses 60\u00a0000 oeuvres en r\u00e9serve], la premi\u00e8re en Europe et la deuxi\u00e8me au monde, pour b\u00e2tir ses expositions, l\u2019acc\u00e8s au r\u00e9seau international du Centre Pompidou, la notori\u00e9t\u00e9 que lui [conf\u00e8re] d\u2019embl\u00e9e l\u2019un des noms les plus reconnus au monde dans le domaine de l\u2019art moderne et contemporain.<\/p>\n<p style=\"text-align: center;\"><a href=\"http:\/\/lydie-boffy.net\/Images-blog\/Metz-Nancy\/Pompidou\/50-Ext1.jpg\" rel=\"nofollow noopener\" target=\"_blank\"><img decoding=\"async\" class=\"alignnone\" style=\"border: 0pt none;\" src=\"http:\/\/lydie-boffy.net\/Images-blog\/Metz-Nancy\/Pompidou\/Miniatures\/50-Ext1.jpg\" alt=\"\" \/><\/a><\/p>\n<p style=\"text-align: center;\"><a href=\"http:\/\/lydie-boffy.net\/Images-blog\/Metz-Nancy\/Pompidou\/50-Ext2.jpg\" rel=\"nofollow noopener\" target=\"_blank\"><img decoding=\"async\" class=\"alignnone\" style=\"border: 0pt none;\" src=\"http:\/\/lydie-boffy.net\/Images-blog\/Metz-Nancy\/Pompidou\/Miniatures\/50-Ext2.jpg\" alt=\"\" \/><\/a><\/p>\n<p style=\"text-align: center;\"><a href=\"http:\/\/lydie-boffy.net\/Images-blog\/Metz-Nancy\/Pompidou\/50-Ext charpente1.jpg\" rel=\"nofollow noopener\" target=\"_blank\"><img decoding=\"async\" class=\"alignnone\" style=\"border: 0pt none;\" src=\"http:\/\/lydie-boffy.net\/Images-blog\/Metz-Nancy\/Pompidou\/Miniatures\/50-Ext charpente1.jpg\" alt=\"\" \/><\/a><\/p>\n<p style=\"text-align: center;\"><a href=\"http:\/\/lydie-boffy.net\/Images-blog\/Metz-Nancy\/Pompidou\/50-Ext charpente2.jpg\" rel=\"nofollow noopener\" target=\"_blank\"><img decoding=\"async\" class=\"alignnone\" style=\"border: 0pt none;\" src=\"http:\/\/lydie-boffy.net\/Images-blog\/Metz-Nancy\/Pompidou\/Miniatures\/50-Ext charpente2.jpg\" alt=\"\" \/><\/a><\/p>\n<\/blockquote>\n<blockquote style=\"text-align: justify;\">\n<p style=\"text-align: justify;\">En avan\u00e7ant sur le parvis et dans les jardins qui [relient] le centre-ville de Metz et la gare au Centre Pompidou-Metz, le visiteur [d\u00e9couvre] un \u00e9difice aux tons clairs et lumineux, puissant et l\u00e9ger \u00e0 la fois, invitant \u00e0 s\u2019abriter sous son toit protecteur. Nous avons [disent les concepteurs du projet, <a href=\"http:\/\/www.centrepompidou-metz.fr\/site\/?-la-maitrise-d-oeuvre-\" rel=\"nofollow noopener\" target=\"_blank\">Shigeru Ban et Jean de Gastines<\/a>] imagin\u00e9 une architecture qui traduise l\u2019ouverture, le brassage des cultures et le bien-\u00eatre, dans une relation imm\u00e9diate et sensorielle avec l\u2019environnement. L\u2019\u00e9difice se pr\u00e9sente comme une vaste structure de plan hexagonal, travers\u00e9e par trois galeries. Il se d\u00e9veloppe autour d\u2019une fl\u00e8che centrale qui culmine \u00e0 77 m\u00e8tres, clin d\u2019oeil \u00e0 la date de cr\u00e9ation du Centre Pompidou : 1977&#8230; L\u2019ensemble \u00e9voque un vaste chapiteau, entour\u00e9 d\u2019un parvis et d\u2019un jardin. A l\u2019int\u00e9rieur, l\u2019ambiance g\u00e9n\u00e9rale est claire [\u2026].<\/p>\n<p style=\"text-align: center;\"><object id=\"playerArte\" width=\"510\" height=\"330\" classid=\"clsid:D27CDB6E-AE6D-11cf-96B8-444553540000\" codebase=\"http:\/\/download.macromedia.com\/pub\/shockwave\/cabs\/flash\/swflash.cab#version=10,0,0,0\"><param name=\"allowFullScreen\" value=\"true\" \/><param name=\"allowScriptAccess\" value=\"always\" \/><param name=\"quality\" value=\"high\" \/><param name=\"movie\" value=\"http:\/\/videos.arte.tv\/videoplayer.swf?videorefFileUrl=http%3A%2F%2Fvideos%2Earte%2Etv%2Ffr%2Fdo%5Fdelegate%2Fvideos%2Fle%5Fcentre%5Fpompidou%5Fmetz%5Fles%5Farchitectes%5Fshigeru%5Fban%5Fet%5Fjean%5Fde%5Fgastines%2D3215756%2Cview%2CasPlayerXml%2Exml&amp;videoId=3215756&amp;localizedPathUrl=http%3A%2F%2Fvideos%2Earte%2Etv%2Fcae%2Fstatic%2Fflash%2Fplayer%2F&amp;mode=prod&amp;admin=false&amp;configFileUrl=http%3A%2F%2Fvideos%2Earte%2Etv%2Fcae%2Fstatic%2Fflash%2Fplayer%2Fconfig%2Exml&amp;lang=fr&amp;embed=true\" \/><embed src=\"http:\/\/videos.arte.tv\/videoplayer.swf?videorefFileUrl=http%3A%2F%2Fvideos%2Earte%2Etv%2Ffr%2Fdo%5Fdelegate%2Fvideos%2Fle%5Fcentre%5Fpompidou%5Fmetz%5Fles%5Farchitectes%5Fshigeru%5Fban%5Fet%5Fjean%5Fde%5Fgastines%2D3215756%2Cview%2CasPlayerXml%2Exml&amp;videoId=3215756&amp;localizedPathUrl=http%3A%2F%2Fvideos%2Earte%2Etv%2Fcae%2Fstatic%2Fflash%2Fplayer%2F&amp;mode=prod&amp;admin=false&amp;configFileUrl=http%3A%2F%2Fvideos%2Earte%2Etv%2Fcae%2Fstatic%2Fflash%2Fplayer%2Fconfig%2Exml&amp;lang=fr&amp;embed=true\" allowfullscreen=\"allowfullscreen\" name=\"playerArte\" quality=\"high\" allowscriptaccess=\"always\" pluginspage=\"http:\/\/www.macromedia.com\/go\/getflashplayer\" type=\"application\/x-shockwave-flash\" width=\"510\" height=\"330\" \/><\/object><\/p>\n<p style=\"text-align: justify;\">L\u2019architecture du Centre Pompidou-Metz pr\u00e9sente des sp\u00e9cificit\u00e9s peu communes. Les volumes remarquables de sa grande nef, la diversit\u00e9 des lieux d\u2019exposition, qui alternent entre grands plateaux libres et espaces plus intimistes, sont propices \u00e0 l\u2019inventivit\u00e9 et aux surprises pour le visiteur. Jamais fig\u00e9s, les espaces d\u2019exposition peuvent \u00eatre modul\u00e9s pour permettre des lectures originales de l\u2019art moderne et contemporain.<\/p>\n<\/blockquote>\n<p style=\"text-align: center;\"><a href=\"http:\/\/lydie-boffy.net\/Images-blog\/Metz-Nancy\/Pompidou\/50-Belles vues int\u00e9rieures2.jpg\" rel=\"nofollow noopener\" target=\"_blank\"><img decoding=\"async\" class=\"alignnone\" style=\"border: 0pt none; margin-right: 10px;\" src=\"http:\/\/lydie-boffy.net\/Images-blog\/Metz-Nancy\/Pompidou\/Miniatures\/50-Belles vues int\u00e9rieures2.jpg\" alt=\"\" \/><\/a><a href=\"http:\/\/lydie-boffy.net\/Images-blog\/Metz-Nancy\/Pompidou\/50-Belles vues int\u00e9rieures10.jpg\" rel=\"nofollow noopener\" target=\"_blank\"><img decoding=\"async\" class=\"alignnone\" style=\"border: 0pt none; margin-left: 10px;\" src=\"http:\/\/lydie-boffy.net\/Images-blog\/Metz-Nancy\/Pompidou\/Miniatures\/50-Belles vues int\u00e9rieures10.jpg\" alt=\"\" \/><\/a><\/p>\n<p style=\"text-align: center;\"><a href=\"http:\/\/lydie-boffy.net\/Images-blog\/Metz-Nancy\/Pompidou\/50-Belles vues int\u00e9rieures3.jpg\" rel=\"nofollow noopener\" target=\"_blank\"><img decoding=\"async\" class=\"alignnone\" style=\"border: 0pt none;\" src=\"http:\/\/lydie-boffy.net\/Images-blog\/Metz-Nancy\/Pompidou\/Miniatures\/50-Belles vues int\u00e9rieures3.jpg\" alt=\"\" \/><\/a><\/p>\n<p style=\"text-align: center;\"><a href=\"http:\/\/lydie-boffy.net\/Images-blog\/Metz-Nancy\/Pompidou\/50-Belles vues int\u00e9rieures8.jpg\" rel=\"nofollow noopener\" target=\"_blank\"><img decoding=\"async\" class=\"alignnone\" style=\"border: 0pt none;\" src=\"http:\/\/lydie-boffy.net\/Images-blog\/Metz-Nancy\/Pompidou\/Miniatures\/50-Belles vues int\u00e9rieures8.jpg\" alt=\"\" \/><\/a><\/p>\n<h3 style=\"text-align: justify;\">Chefs-d&rsquo;oeuvres\u00a0? Les chefs-d&rsquo;oeuvres dans l&rsquo;histoire<\/h3>\n<p style=\"text-align: justify;\">Apr\u00e8s cette petite pr\u00e9sentation, voici le plat de r\u00e9sistance. Pour leur premi\u00e8re exposition, les conservateurs du mus\u00e9e entreprennent de se demander, ni plus ni moins, ce qu&rsquo;est un chef-d&rsquo;oeuvre. \u00ab\u00a0Qu\u2019est-ce qu\u2019un chef-d\u2019\u0153uvre\u00a0? La notion de chef-d\u2019\u0153uvre a-t-elle encore un sens aujourd\u2019hui\u00a0? Qui d\u00e9cide ce qu\u2019est un chef-d\u2019\u0153uvre\u00a0? Un chef d\u2019\u0153uvre est-il \u00e9ternel\u00a0?\u00a0\u00bb. Afin de r\u00e9pondre \u00e0 ces questions, les concepteurs de l&rsquo;exposition proposent un parcours qui se divise en quatre parties, compos\u00e9 de 800 oeuvres \u2013 pour la plupart issues des collections du Centre Pompidou \u2013 et \u00e9tendu sur 5000 m\u00b2, soit tous les espaces d&rsquo;exposition du mus\u00e9e.<\/p>\n<p style=\"text-align: justify;\">La premi\u00e8re partie, chronologique, est intitul\u00e9e <i>Les chefs-d&rsquo;oeuvres dans l&rsquo;histoire<\/i>. Le parcours est d&rsquo;abord parsem\u00e9 d&rsquo;explications sur la naissance et la conception du chef-d&rsquo;oeuvre au Moyen \u00c2ge et \u00e0 l&rsquo;\u00e9poque moderne. \u00ab\u00a0Au Moyen \u00c2ge, chaque membre des corporations d&rsquo;artisans a le devoir de fabriquer un chef-d&rsquo;oeuvre selon des r\u00e8gles pr\u00e9d\u00e9finies. Il devient alors ma\u00eetre et ouvre son atelier dans le corps de m\u00e9tier correspondant\u00a0\u00bb. A chaque fois, quelques exemples illustrent les explications. Ci-contre, pour la Renaissance et le d\u00e9but de la p\u00e9riode moderne, une statue provenant du tombeau de Ren\u00e9 de Chalon, prince d&rsquo;Orange (1519-1544), dite <i>Le Squelette<\/i> (v. 1550, Bar-le-Duc, \u00e9glise Saint-\u00c9tienne) de Ligier Richier (v. 1500-1567).<\/p>\n<p style=\"text-align: center; margin-bottom: 50px;\"><a href=\"http:\/\/lydie-boffy.net\/Images-blog\/Metz-Nancy\/Pompidou\/3-Ligier Richier-Statue du tombeau de Ren\u00e9 de Chalon Le Squelette-v.1550-Bar-le-Duc \u00e9glise Saint-Etienne1.jpg\" rel=\"nofollow noopener\" target=\"_blank\"><img decoding=\"async\" class=\"alignnone\" style=\"border: 0pt none;\" src=\"http:\/\/lydie-boffy.net\/Images-blog\/Metz-Nancy\/Pompidou\/Miniatures\/3-Ligier Richier-Statue du tombeau de Ren\u00e9 de Chalon Le Squelette-v.1550-Bar-le-Duc \u00e9glise Saint-Etienne1.jpg\" alt=\"\" \/><\/a><\/p>\n<p style=\"text-align: justify;\">Puis, l&rsquo;on effectue un petit saut dans le temps, \u00ab\u00a0sous l&rsquo;Ancien R\u00e9gime, l&rsquo;Acad\u00e9mie \u00e9labore des th\u00e9ories sur l&rsquo;art et dispense un enseignement r\u00e9pondant aux canons qu&rsquo;elle d\u00e9finit [\u2026]. Les artistes de l&rsquo;Acad\u00e9mie exposent leur production au Salon. En 1748, Nattier y pr\u00e9sente un portrait de la reine, qui s\u00e9duit le public par sa simplicit\u00e9 et son naturel\u00a0\u00bb. Voici ce portrait de la femme de Louis XV \u2013 je reparlerai d&rsquo;ailleurs de sa famille plus tard.<\/p>\n<p style=\"text-align: center; margin-bottom: 50px;\"><a href=\"http:\/\/lydie-boffy.net\/Images-blog\/Metz-Nancy\/Pompidou\/5-Jean-Marc Nattier-Marie Leszczynska-v. 17481.jpg\" rel=\"nofollow noopener\" target=\"_blank\"><img decoding=\"async\" class=\"alignnone\" style=\"border: 0pt none; margin-right: 9px;\" src=\"http:\/\/lydie-boffy.net\/Images-blog\/Metz-Nancy\/Pompidou\/Miniatures\/5-Jean-Marc Nattier-Marie Leszczynska-v. 17481.jpg\" alt=\"\" \/><\/a><a href=\"http:\/\/lydie-boffy.net\/Images-blog\/Metz-Nancy\/Pompidou\/5-Jean-Marc Nattier-Marie Leszczynska-v. 17483.jpg\" rel=\"nofollow noopener\" target=\"_blank\"><img decoding=\"async\" class=\"alignnone\" style=\"border: 0pt none; margin-left: 9px;\" src=\"http:\/\/lydie-boffy.net\/Images-blog\/Metz-Nancy\/Pompidou\/Miniatures\/5-Jean-Marc Nattier-Marie Leszczynska-v. 17483.jpg\" alt=\"\" \/><\/a><\/p>\n<p style=\"text-align: justify;\">Apr\u00e8s un passage par le XIXe si\u00e8cle \u2013 et les interrogations sur la naissance de la peinture moderne \u00e0 la fin de ce si\u00e8cle \u2013, nous entrons dans les salles de l&rsquo;exposition consacr\u00e9es au XXe si\u00e8cle. D&rsquo;une fa\u00e7on originale, le parcours de ces salles peut \u00eatre anticip\u00e9 ou regard\u00e9 ult\u00e9rieurement de mani\u00e8re d\u00e9form\u00e9e, par le truchement d&rsquo;un jeu de miroirs dispos\u00e9s au plafond. Cette construction est tr\u00e8s originale et offre un patchwork d&rsquo;images renvoy\u00e9es des salles d&rsquo;exposition \u2013 des morceaux de tableaux ou des autres visiteurs.<\/p>\n<p style=\"text-align: center; margin-bottom: 50px;\"><a href=\"http:\/\/lydie-boffy.net\/Images-blog\/Metz-Nancy\/Pompidou\/17-Plafonds7.jpg\" rel=\"nofollow noopener\" target=\"_blank\"><img decoding=\"async\" class=\"alignnone\" style=\"border: 0pt none; margin-right: 10px;\" src=\"http:\/\/lydie-boffy.net\/Images-blog\/Metz-Nancy\/Pompidou\/Miniatures\/17-Plafonds7.jpg\" alt=\"\" \/><\/a><a href=\"http:\/\/lydie-boffy.net\/Images-blog\/Metz-Nancy\/Pompidou\/17-Plafonds6.jpg\" rel=\"nofollow noopener\" target=\"_blank\"><img decoding=\"async\" class=\"alignnone\" style=\"border: 0pt none; margin-left: 10px;\" src=\"http:\/\/lydie-boffy.net\/Images-blog\/Metz-Nancy\/Pompidou\/Miniatures\/17-Plafonds6.jpg\" alt=\"\" \/><\/a><\/p>\n<p style=\"text-align: justify;\">Cette partie de l&rsquo;exposition comporte plusieurs oeuvres \u00ab\u00a0cubistes\u00a0\u00bb, par exemple de Fernand L\u00e9ger (1881-1955), artiste de la premi\u00e8re moiti\u00e9 du XXe si\u00e8cle. <i>La Noce<\/i> (1911, huile sur toile, 257&#215;206 cm) est un tableau de grandes dimensions et color\u00e9 par rapport aux oeuvres pr\u00e9c\u00e9dentes de l&rsquo;artiste. Le traitement est monumental \u2013 du fait des nombreux personnages impliqu\u00e9s \u2013, et l&rsquo;effet tumultueux \u2013 une caract\u00e9ristique des travaux de L\u00e9ger jusqu&rsquo;au d\u00e9but des ann\u00e9es 1920 [1].<\/p>\n<p style=\"text-align: center; margin-bottom: 50px;\"><a href=\"http:\/\/lydie-boffy.net\/Images-blog\/Metz-Nancy\/Pompidou\/10-Fernand L\u00e9ger-La Noce-1911-3.jpg\" rel=\"nofollow noopener\" target=\"_blank\"><img decoding=\"async\" class=\"alignnone\" style=\"border: 0pt none; margin-right: 10px;\" src=\"http:\/\/lydie-boffy.net\/Images-blog\/Metz-Nancy\/Pompidou\/Miniatures\/10-Fernand L\u00e9ger-La Noce-1911-3.jpg\" alt=\"\" \/><\/a><a href=\"http:\/\/lydie-boffy.net\/Images-blog\/Metz-Nancy\/Pompidou\/10-Fernand L\u00e9ger-La Noce-1911-4.jpg\" rel=\"nofollow noopener\" target=\"_blank\"><img decoding=\"async\" class=\"alignnone\" style=\"border: 0pt none; margin-left: 10px;\" src=\"http:\/\/lydie-boffy.net\/Images-blog\/Metz-Nancy\/Pompidou\/Miniatures\/10-Fernand L\u00e9ger-La Noce-1911-4.jpg\" alt=\"\" \/><\/a><\/p>\n<p style=\"text-align: justify;\">Une autre des toiles de Ferdinand L\u00e9ger, <i>Les disques dans la ville<\/i> (1920, huile sur toile, 130&#215;162 cm) est expos\u00e9e. La ville est un objet que l&rsquo;artiste entend approcher avec un \u00ab\u00a0regard nouveau\u00a0\u00bb, \u00ab\u00a0la ville qu\u2019il peint est une ville enti\u00e8rement moderne, avec des couleurs vives, de la lumi\u00e8re, des lettres et des signes \u00e9chapp\u00e9s d\u2019affiches et de panneaux de circulation\u00a0\u00bb [2].<\/p>\n<p style=\"text-align: center;\"><a href=\"http:\/\/lydie-boffy.net\/Images-blog\/Metz-Nancy\/Pompidou\/12-Fernand L\u00e9ger-Les disques dans la ville-1920-3.jpg\" rel=\"nofollow noopener\" target=\"_blank\"><img decoding=\"async\" class=\"alignnone\" style=\"border: 0pt none;\" src=\"http:\/\/lydie-boffy.net\/Images-blog\/Metz-Nancy\/Pompidou\/Miniatures\/12-Fernand L\u00e9ger-Les disques dans la ville-1920-3.jpg\" alt=\"\" \/><\/a><\/p>\n<p style=\"text-align: center; margin-bottom: 50px;\"><a href=\"http:\/\/lydie-boffy.net\/Images-blog\/Metz-Nancy\/Pompidou\/12-Fernand L\u00e9ger-Les disques dans la ville-1920-1.jpg\" rel=\"nofollow noopener\" target=\"_blank\"><img decoding=\"async\" class=\"alignnone\" style=\"border: 0pt none;\" src=\"http:\/\/lydie-boffy.net\/Images-blog\/Metz-Nancy\/Pompidou\/Miniatures\/12-Fernand L\u00e9ger-Les disques dans la ville-1920-1.jpg\" alt=\"\" \/><\/a><\/p>\n<p style=\"text-align: justify;\">Le nouveau mus\u00e9e permet aussi l&rsquo;exposition d&rsquo;oeuvres que le Centre Pompidou de Paris ne pouvait accueillir en raison de leur taille [3]. Les d\u00e9cors du palais des Chemins de Fer de Robert Delaunay (1885-1941), que l&rsquo;artiste cr\u00e9a en 1937 \u00e0 l&rsquo;occasion de l&rsquo;Exposition Internationale de Paris, trouvent leur place dans les hauts espaces du rez-de-chauss\u00e9e. Ce sont des reliefs muraux en couleur, les <i>Reliefs pour l\u2019escalier du palais des Chemins de fer<\/i> et l&rsquo;<i>Entr\u00e9e du Hall des r\u00e9seaux du palais des Chemins de fer<\/i> (peintures en relief sur panneaux de bois) [4].<\/p>\n<p style=\"text-align: center; margin-bottom: 50px;\"><a href=\"http:\/\/lydie-boffy.net\/Images-blog\/Metz-Nancy\/Pompidou\/15-Robert Delaunay-Reliefs pour l&#039;escalier du palais des chemins de fer et Entr\u00e9e du hall des r\u00e9seaux du palais...-1937-3.jpg\" rel=\"nofollow noopener\" target=\"_blank\"><img decoding=\"async\" class=\"alignnone\" style=\"border: 0pt none; margin-right: 10px;\" src=\"http:\/\/lydie-boffy.net\/Images-blog\/Metz-Nancy\/Pompidou\/Miniatures\/15-Robert Delaunay-Reliefs pour l'escalier du palais des chemins de fer et Entr\u00e9e du hall des r\u00e9seaux du palais...-1937-3.jpg\" alt=\"\" \/><\/a><a href=\"http:\/\/lydie-boffy.net\/Images-blog\/Metz-Nancy\/Pompidou\/15-Robert Delaunay-Reliefs pour l&#039;escalier du palais des chemins de fer et Entr\u00e9e du hall des r\u00e9seaux du palais...-1937-4.jpg\" rel=\"nofollow noopener\" target=\"_blank\"><img decoding=\"async\" class=\"alignnone\" style=\"border: 0pt none; margin-left: 10px;\" src=\"http:\/\/lydie-boffy.net\/Images-blog\/Metz-Nancy\/Pompidou\/Miniatures\/15-Robert Delaunay-Reliefs pour l'escalier du palais des chemins de fer et Entr\u00e9e du hall des r\u00e9seaux du palais...-1937-4.jpg\" alt=\"\" \/><\/a><\/p>\n<p style=\"text-align: justify;\">Cette partie de l&rsquo;exposition comporte en outre une oeuvre de S\u00e9raphine Louis, dite de Senlis (1864-1942), artiste autodidacte. Il s&rsquo;agit de l&rsquo;<i>Arbre rouge<\/i> (1928, huile sur canvas, 193&#215;130 cm).<\/p>\n<p style=\"text-align: center; margin-bottom: 50px;\"><a href=\"http:\/\/lydie-boffy.net\/Images-blog\/Metz-Nancy\/Pompidou\/20-S\u00e9raphine de Senlis-Arbre rouge-1928-1930-1.jpg\" rel=\"nofollow noopener\" target=\"_blank\"><img decoding=\"async\" class=\"alignnone\" style=\"border: 0pt none; margin-right: 10px;\" src=\"http:\/\/lydie-boffy.net\/Images-blog\/Metz-Nancy\/Pompidou\/Miniatures\/20-S\u00e9raphine de Senlis-Arbre rouge-1928-1930-1.jpg\" alt=\"\" \/><\/a> <a href=\"http:\/\/lydie-boffy.net\/Images-blog\/Metz-Nancy\/Pompidou\/20-S\u00e9raphine de Senlis-Arbre rouge-1928-1930-2.jpg\" rel=\"nofollow noopener\" target=\"_blank\"><img decoding=\"async\" class=\"alignnone\" style=\"border: 0pt none; margin-left: 10px;\" src=\"http:\/\/lydie-boffy.net\/Images-blog\/Metz-Nancy\/Pompidou\/Miniatures\/20-S\u00e9raphine de Senlis-Arbre rouge-1928-1930-2.jpg\" alt=\"\" \/><\/a><\/p>\n<p style=\"text-align: justify;\">Enfin, le parcours des \u00ab\u00a0chefs-d&rsquo;oeuvres dans l&rsquo;histoire\u00a0\u00bb se termine par un triptyque restaur\u00e9 pour l&rsquo;exposition, form\u00e9 des trois <i>Bleu<\/i>(s) de Joan Mir\u00f3 (1893-1983). Les <i>Bleu I, II et III<\/i> (1961, 270 x 355 cm, 270 x 355 cm, 268 x 349 cm) sont un aboutissement des recherches de l&rsquo;artiste, qui souhaitait \u00ab\u00a0atteindre le maximum d\u2019intensit\u00e9 avec le minimum de moyens\u00a0\u00bb. \u00ab\u00a0\u00c9voquant le ciel, le silence, les fonds sonores, les immensit\u00e9s sid\u00e9rales, ces tableaux demandent aux spectateurs plus qu\u2019un regard, une immersion totale, une contemplation proche de la m\u00e9ditation, du recueillement. Une tension, aussi, de l\u2019\u0153il et de l\u2019esprit, qui se prennent aux variations d\u2019\u00e9l\u00e9ments minimes: ronds noirs, trait rouge, ligne filiforme saisis dans le rythme d\u2019abord confus du premier tableau, ensuite lin\u00e9aire et de plus en plus \u00e9pur\u00e9 du dernier de ces tableaux\u00a0\u00bb [5].<\/p>\n<p style=\"text-align: center;\"><a href=\"http:\/\/lydie-boffy.net\/Images-blog\/Metz-Nancy\/Pompidou\/24-Joan Miro-Bleu I II et III-1961-2.jpg\" rel=\"nofollow noopener\" target=\"_blank\"><img decoding=\"async\" class=\"alignnone\" style=\"border: 0pt none;\" src=\"http:\/\/lydie-boffy.net\/Images-blog\/Metz-Nancy\/Pompidou\/Miniatures\/24-Joan Miro-Bleu I II et III-1961-2.jpg\" alt=\"\" \/><\/a><\/p>\n<p style=\"text-align: center;\"><a href=\"http:\/\/lydie-boffy.net\/Images-blog\/Metz-Nancy\/Pompidou\/24-Joan Miro-Bleu I II et III-1961-3.jpg\" rel=\"nofollow noopener\" target=\"_blank\"><img decoding=\"async\" class=\"alignnone\" style=\"border: 0pt none;\" src=\"http:\/\/lydie-boffy.net\/Images-blog\/Metz-Nancy\/Pompidou\/Miniatures\/24-Joan Miro-Bleu I II et III-1961-3.jpg\" alt=\"\" \/><\/a><\/p>\n<h3 style=\"text-align: justify;\">Histoires de chefs-d\u2019\u0153uvre<\/h3>\n<p style=\"text-align: justify;\">L&rsquo;exposition se poursuit au premier \u00e9tage par les \u00ab\u00a0Histoires de chefs-d&rsquo;oeuvres\u00a0\u00bb, ambitionnant de d\u00e9cortiquer plusieurs \u0153uvres, en pr\u00e9sentant leur cr\u00e9ation, leur accueil par le public, la critique etc. Des panneaux explicatifs bien con\u00e7us sont dispos\u00e9s \u00e0 c\u00f4t\u00e9 de chaque cr\u00e9ation afin de rendre cette approche p\u00e9dagogique.<\/p>\n<p style=\"text-align: justify;\">Nous avons notamment pu admirer et poser devant le <i>Grand Int\u00e9rieur rouge<\/i> (1948, huile sur toile, 146&#215;97 cm) de Henri Matisse (1869-1954).<\/p>\n<p style=\"text-align: center;\"><a href=\"http:\/\/lydie-boffy.net\/Images-blog\/Metz-Nancy\/Pompidou\/27-Henri Matisse-Grand int\u00e9rieur rouge-19481.jpg\" rel=\"nofollow noopener\" target=\"_blank\"><img decoding=\"async\" class=\"alignnone\" style=\"border: 0pt none; margin-right: 7px;\" src=\"http:\/\/lydie-boffy.net\/Images-blog\/Metz-Nancy\/Pompidou\/Miniatures\/27-Henri Matisse-Grand int\u00e9rieur rouge-19481.jpg\" alt=\"\" \/><\/a> <a href=\"http:\/\/lydie-boffy.net\/Images-blog\/Metz-Nancy\/Pompidou\/27-Henri Matisse-Grand int\u00e9rieur rouge-19482.jpg\" rel=\"nofollow noopener\" target=\"_blank\"><img decoding=\"async\" class=\"alignnone\" style=\"border: 0pt none; margin-left: 7px;\" src=\"http:\/\/lydie-boffy.net\/Images-blog\/Metz-Nancy\/Pompidou\/Miniatures\/27-Henri Matisse-Grand int\u00e9rieur rouge-19482.jpg\" alt=\"\" \/><\/a><\/p>\n<p style=\"text-align: center; margin-bottom: 50px;\"><a href=\"http:\/\/www.meszaventures.lydie-boffy.net\/wp-content\/uploads\/2010\/08\/28-Matisse1.jpg\" rel=\"nofollow noopener\" target=\"_blank\"><img decoding=\"async\" class=\"alignnone\" style=\"border: 0pt none; margin-right: 10px;\" src=\"http:\/\/www.meszaventures.lydie-boffy.net\/wp-content\/uploads\/2010\/08\/28-Matissemin1.jpg\" alt=\"\" \/><\/a><a href=\"http:\/\/www.meszaventures.lydie-boffy.net\/wp-content\/uploads\/2010\/08\/28-Matisse3.jpg\" rel=\"nofollow noopener\" target=\"_blank\"><img decoding=\"async\" class=\"alignnone\" style=\"border: 0pt none; margin-left: 10px;\" src=\"http:\/\/www.meszaventures.lydie-boffy.net\/wp-content\/uploads\/2010\/08\/28-Matissemin3.jpg\" alt=\"\" \/><\/a><\/p>\n<p style=\"text-align: justify;\">Voici ensuite quatre \u0153uvres [arbitrairement s\u00e9lectionn\u00e9es par moi\u00a0!] ainsi que les commentaires et explications fournies par les conservateurs de l&rsquo;exposition.<\/p>\n<blockquote style=\"text-align: justify;\">\n<p style=\"text-align: justify;\">Tout d&rsquo;abord, un tableau de Franti\u0161ek Kupka (1871-1957), <i>Ordonnance sur verticales en jaune<\/i> (1913, Huile sur toile).<\/p>\n<p style=\"text-align: center;\"><a href=\"http:\/\/lydie-boffy.net\/Images-blog\/Metz-Nancy\/Pompidou\/29-Kupka-Ordonnances sur verticales en jaune-19131.jpg\" rel=\"nofollow noopener\" target=\"_blank\"><img decoding=\"async\" class=\"alignnone\" style=\"border: 0pt none;\" src=\"http:\/\/lydie-boffy.net\/Images-blog\/Metz-Nancy\/Pompidou\/Miniatures\/29-Kupka-Ordonnances sur verticales en jaune-19131.jpg\" alt=\"\" \/><\/a><\/p>\n<p>\u00ab\u00a0De 1911 \u00e0 1913, Kupka se consacre \u00e0 une nouvelle s\u00e9rie intitul\u00e9e <i>Ordonnances sur verticales<\/i>. Cet ensemble t\u00e9moigne de ses premi\u00e8res exp\u00e9riences autour de l&rsquo;\u00e9mancipation de la ligne et de la couleur \u00e0 l&rsquo;\u00e9gard du motif. Ici, la composition rectiligne est fond\u00e9e sur une gamme de couleurs froides et d\u00e9grad\u00e9es, dont le rythme et l&rsquo;alternance syncop\u00e9e \u00e9voquent les recherches de Kupka autour de la musique et de la couleur. Sa peinture puise \u00ab\u00a0son dynamisme en elle-m\u00eame comme le fait la musique\u00a0\u00bb, d\u00e9clare Apollinaire. Cette \u0153uvre s&rsquo;inscrit dans une p\u00e9riode d\u00e9cisive de l&rsquo;abstraction\u00a0: elle est \u00e0 rapprocher des r\u00e9alisations contemporaines de Kandinsky ainsi que de l&rsquo;orphisme de Delaunay\u00a0\u00bb.<\/p><\/blockquote>\n<blockquote style=\"text-align: justify;\"><p>Le Magasin de Ben (1958-1973) est une \u0153uvre tr\u00e8s originale \u2013 du moins de mon point de vue.<\/p>\n<p style=\"text-align: center;\"><a href=\"http:\/\/lydie-boffy.net\/Images-blog\/Metz-Nancy\/Pompidou\/33-Ben-Le magasin de Ben-1958-1973-2.jpg\" rel=\"nofollow noopener\" target=\"_blank\"><img decoding=\"async\" class=\"alignnone\" style=\"border: 0pt none; margin-right: 10px;\" src=\"http:\/\/lydie-boffy.net\/Images-blog\/Metz-Nancy\/Pompidou\/Miniatures\/33-Ben-Le magasin de Ben-1958-1973-2.jpg\" alt=\"\" \/><\/a><\/p>\n<p>\u00ab <i>Le Magasin de Ben<\/i> est la reconstitution d&rsquo;un authentique commerce et lieu d&rsquo;art, jadis situ\u00e9 \u00e0 Nice. Agitateur et m\u00e9galomane, Ben syst\u00e9matise le geste de Duchamp et d\u00e9clare : \u00ab\u00a0Tout est art\u00a0\u00bb. Il signe de son nom aussi bien des objets que des notions abstraites. L&rsquo;intention et l&rsquo;attitude priment sur l&rsquo;\u0153uvre. \u00ab\u00a0[Je] ne pouvais plus rien jeter. Une allumette \u00e9tait aussi belle que la Joconde. Il fallait donc tout garder\u00a0\u00bb. Le <i>Magasin<\/i> se transforme en une foisonnante installation-brocante, constamment en m\u00e9tamorphose. L&rsquo;\u00e9tablissement accueille expositions et performances. Il devient une curiosit\u00e9 touristique et le point de ralliement de la jeune sc\u00e8ne artistique ni\u00e7oise. En 1972, Ben d\u00e9cide de d\u00e9monter le <i>Magasin<\/i>, devenu par ailleurs trop petit, pour l&rsquo;exposer \u00bb.<\/p>\n<p style=\"text-align: center;\"><a href=\"http:\/\/lydie-boffy.net\/Images-blog\/Metz-Nancy\/Pompidou\/33-Ben-Le magasin de Ben-1958-1973-3.jpg\" rel=\"nofollow noopener\" target=\"_blank\"><img decoding=\"async\" class=\"alignnone\" style=\"border: 0pt none;\" src=\"http:\/\/lydie-boffy.net\/Images-blog\/Metz-Nancy\/Pompidou\/Miniatures\/33-Ben-Le magasin de Ben-1958-1973-3.jpg\" alt=\"\" \/><\/a><\/p>\n<\/blockquote>\n<blockquote style=\"text-align: justify;\"><p>Cette \u0153uvre de Simon Hanta\u00ef (1922-2008), <i>Peinture (Ecriture rose)<\/i> (1958-1958, encres de couleur, feuilles d&rsquo;or sur toile de lin fine, deux morceaux cousus) est \u00e9galement expos\u00e9e.<\/p>\n<p style=\"text-align: center;\"><a href=\"http:\/\/lydie-boffy.net\/Images-blog\/Metz-Nancy\/Pompidou\/34-Simon Hantai-Ecriture rose-1958-1959-4.jpg\" rel=\"nofollow noopener\" target=\"_blank\"><img decoding=\"async\" class=\"alignnone\" style=\"border: 0pt none;\" src=\"http:\/\/lydie-boffy.net\/Images-blog\/Metz-Nancy\/Pompidou\/Miniatures\/34-Simon Hantai-Ecriture rose-1958-1959-4.jpg\" alt=\"\" \/><\/a><\/p>\n<p style=\"text-align: center;\"><a href=\"http:\/\/lydie-boffy.net\/Images-blog\/Metz-Nancy\/Pompidou\/34-Simon Hantai-Ecriture rose-1958-1959-2.jpg\" rel=\"nofollow noopener\" target=\"_blank\"><img decoding=\"async\" class=\"alignnone\" style=\"border: 0pt none;\" src=\"http:\/\/lydie-boffy.net\/Images-blog\/Metz-Nancy\/Pompidou\/Miniatures\/34-Simon Hantai-Ecriture rose-1958-1959-2.jpg\" alt=\"\" \/><\/a><\/p>\n<p>\u00ab\u00a0Longtemps rest\u00e9e dans l&rsquo;atelier de l&rsquo;artiste, la toile trouve son titre vingt-cinq ans apr\u00e8s sa r\u00e9alisation\u00a0: \u00ab\u00a0On ne sait pas ce que l&rsquo;on voit. [\u2026] Je n&rsquo;ai utilis\u00e9 aucune couleur rose et \u00e7a fait rose. Voil\u00e0 le myst\u00e8re. Le myst\u00e8re est rose. Quel est le titre maintenant\u00a0? <i>Ecriture rose<\/i>\u00ab\u00a0. Cette \u0153uvre a \u00e9t\u00e9 produite au cours de l&rsquo;ann\u00e9e 1958-1959, durant laquelle Hanta\u00ef s&rsquo;impose une discipline quotidienne\u00a0: chaque matin, il recopie inlassablement des textes religieux et philosophiques. Cette \u00e9criture \u00e0 peine \u00e9bauch\u00e9e qui envahit la toile est ponctu\u00e9e par une croix grecque, une \u00e9toire de David et une tache \u00ab\u00a0devenant signe de Luther\u00a0\u00bb. Message mystique ou toile d&rsquo;\u00e9criture, cette \u0153uvre t\u00e9moigne aussi de la r\u00e9flexion du peintre sur les probl\u00e8mes de la cr\u00e9ation\u00a0\u00bb.<\/p><\/blockquote>\n<blockquote style=\"text-align: justify; margin-bottom: 50px;\"><p>Enfin, ce fac-simil\u00e9 de <i>Rotoreliefs<\/i> (1935, disques en carton, imprim\u00e9s <i>recto verso<\/i> en lithographie offset) de Marcel Duchamp (1887-1968) hypnothise quelque peu\u00a0!<\/p>\n<p style=\"text-align: center;\"><iframe loading=\"lazy\" class=\"youtube-player\" title=\"YouTube video player\" src=\"http:\/\/www.youtube.com\/embed\/G7y20VFOuY0\" width=\"480\" height=\"390\" frameborder=\"0\"><\/iframe><\/p>\n<p>\u00ab\u00a0Duchamp \u00e9labore les <i>Rotoreliefs<\/i> comme des jouets optiques \u00e0 partir de disques-spirales employ\u00e9s, d\u00e8s 1926, dans son film <i>An\u00e9mic Cinema<\/i>. Brevet\u00e9 et \u00e9dit\u00e9, ce projet in\u00e9dit est un fiasco commercial, mais des scientifiques assurent l&rsquo;artiste qu&rsquo;il a cr\u00e9\u00e9 l\u00e0 \u00ab\u00a0une nouvelle forme, inconnue auparavant, pour produire l&rsquo;illusion du volume et du relief\u00a0\u00bb. Cette s\u00e9rie de douze lithographies, imprim\u00e9es <i>recto verso<\/i> sur six disques en carton, pr\u00e9sente des compositions vivement color\u00e9es de cercles excentr\u00e9s. Les <i> Rotoreliefs<\/i> sont con\u00e7us pour \u00eatre plac\u00e9s sur des tourne-disques et regard\u00e9s d&rsquo;un seul \u0153il. Ils semblent se creuser ou se gonfler, illustrant ainsi la r\u00e9flexion de Duchamp sur la \u00ab\u00a0quatri\u00e8me dimension\u00a0\u00bb et la \u00ab\u00a0perception tactile d&rsquo;une perspective\u00a0\u00bb\u00a0\u00bb.<\/p><\/blockquote>\n<p style=\"text-align: justify;\">Cette partie de l&rsquo;exposition comporte encore de nombreuses \u0153uvres tr\u00e8s int\u00e9ressantes. Je terminerai juste par une construction en polystyr\u00e8ne dispos\u00e9e au fond de la galerie \u2013 et \u00e0 travers laquelle passe de la lumi\u00e8re. Elle s&rsquo;intitule <i>Jordan<\/i> (2010) et a \u00e9t\u00e9 r\u00e9alis\u00e9e par Xavier Veilhan.<\/p>\n<p style=\"text-align: center;\"><a href=\"http:\/\/lydie-boffy.net\/Images-blog\/Metz-Nancy\/Pompidou\/35-Xavier Veilhan-Jordan-2010-4.jpg\" rel=\"nofollow noopener\" target=\"_blank\"><img decoding=\"async\" class=\"alignnone\" style=\"border: 0pt none;\" src=\"http:\/\/lydie-boffy.net\/Images-blog\/Metz-Nancy\/Pompidou\/Miniatures\/35-Xavier Veilhan-Jordan-2010-4.jpg\" alt=\"\" \/><\/a><\/p>\n<p style=\"text-align: center;\"><a href=\"http:\/\/lydie-boffy.net\/Images-blog\/Metz-Nancy\/Pompidou\/35-Xavier Veilhan-Jordan-2010-3.jpg\" rel=\"nofollow noopener\" target=\"_blank\"><img decoding=\"async\" class=\"alignnone\" style=\"border: 0pt none;\" src=\"http:\/\/lydie-boffy.net\/Images-blog\/Metz-Nancy\/Pompidou\/Miniatures\/35-Xavier Veilhan-Jordan-2010-3.jpg\" alt=\"\" \/><\/a><\/p>\n<h3 style=\"text-align: justify;\">Les R\u00eaves de chefs-d\u2019\u0153uvre<\/h3>\n<p style=\"text-align: center; margin-top: -5px;\"><img decoding=\"async\" class=\"aligncenter\" style=\"border: 0pt none; width: 595px; height: 1px;\" src=\"http:\/\/www.lydie-boffy.net\/meszaventures\/wp-content\/themes\/hello-d\/images\/Traittitre.png\" alt=\"\" \/><\/p>\n<p style=\"text-align: justify;\">\u00c0 l&rsquo;\u00e9tage sup\u00e9rieur, l&rsquo;exposition se poursuit par un retour sur les mus\u00e9es eux-m\u00eames. Des maquettes, des photographies ou encore des archives audiovisuelles reviennent sur les desseins et les constructions de \u00ab\u00a0mus\u00e9e[s] r\u00eav\u00e9[s]\u00a0\u00bb.<\/p>\n<p style=\"text-align: justify;\">Pour les Bisontins, voici la maquette du Mus\u00e9e des Beaux-Arts par Louis Miquel.<\/p>\n<p style=\"text-align: center; margin-bottom: 50px;\"><a href=\"http:\/\/lydie-boffy.net\/Images-blog\/Metz-Nancy\/Pompidou\/42-Louis Miquel-Mus\u00e9e des Beaux-Arts de Besan\u00e7on-Maquette.JPG\" rel=\"nofollow noopener\" target=\"_blank\"><img decoding=\"async\" class=\"alignnone\" style=\"border: 0pt none;\" src=\"http:\/\/lydie-boffy.net\/Images-blog\/Metz-Nancy\/Pompidou\/Miniatures\/42-Louis Miquel-Mus\u00e9e des Beaux-Arts de Besan\u00e7on-Maquette.JPG\" alt=\"\" \/><\/a><\/p>\n<p style=\"text-align: justify;\">Voici la maquette d&rsquo;un autre mus\u00e9e, qui, je pense, n&rsquo;a pas besoin d&rsquo;\u00eatre pr\u00e9sent\u00e9e.<\/p>\n<p style=\"text-align: center;\"><a href=\"http:\/\/lydie-boffy.net\/Images-blog\/Metz-Nancy\/Pompidou\/43-Maquette Pompidou Paris-1.jpg\" rel=\"nofollow noopener\" target=\"_blank\"><img decoding=\"async\" class=\"alignnone\" style=\"border: 0pt none;\" src=\"http:\/\/lydie-boffy.net\/Images-blog\/Metz-Nancy\/Pompidou\/Miniatures\/43-Maquette Pompidou Paris-1.jpg\" alt=\"\" \/><\/a><\/p>\n<p style=\"text-align: center; margin-bottom: 50px;\"><a href=\"http:\/\/lydie-boffy.net\/Images-blog\/Metz-Nancy\/Pompidou\/43-Maquette Pompidou Paris-3.jpg\" rel=\"nofollow noopener\" target=\"_blank\"><img decoding=\"async\" class=\"alignnone\" style=\"border: 0pt none;\" src=\"http:\/\/lydie-boffy.net\/Images-blog\/Metz-Nancy\/Pompidou\/Miniatures\/43-Maquette Pompidou Paris-3.jpg\" alt=\"\" \/><\/a><\/p>\n<p style=\"text-align: justify;\">Enfin, deux maquettes du mus\u00e9e dans lequel nous nous trouvions.<\/p>\n<p style=\"text-align: center;\"><a href=\"http:\/\/lydie-boffy.net\/Images-blog\/Metz-Nancy\/Pompidou\/44-Maquettes Pompidou Metz-1.jpg\" rel=\"nofollow noopener\" target=\"_blank\"><img decoding=\"async\" class=\"alignnone\" style=\"border: 0pt none;\" src=\"http:\/\/lydie-boffy.net\/Images-blog\/Metz-Nancy\/Pompidou\/Miniatures\/44-Maquettes Pompidou Metz-1.jpg\" alt=\"\" \/><\/a><\/p>\n<p style=\"text-align: center;\"><a href=\"http:\/\/lydie-boffy.net\/Images-blog\/Metz-Nancy\/Pompidou\/44-Maquettes Pompidou Metz-2.jpg\" rel=\"nofollow noopener\" target=\"_blank\"><img decoding=\"async\" class=\"alignnone\" style=\"border: 0pt none;\" src=\"http:\/\/lydie-boffy.net\/Images-blog\/Metz-Nancy\/Pompidou\/Miniatures\/44-Maquettes Pompidou Metz-2.jpg\" alt=\"\" \/><\/a><\/p>\n<h3 style=\"text-align: justify;\">Chefs-d\u2019\u0153uvre \u00e0 l&rsquo;infini<\/h3>\n<p style=\"text-align: center; margin-top: -5px;\"><img decoding=\"async\" class=\"aligncenter\" style=\"border: 0pt none; width: 595px; height: 1px;\" src=\"http:\/\/www.lydie-boffy.net\/meszaventures\/wp-content\/themes\/hello-d\/images\/Traittitre.png\" alt=\"\" \/><\/p>\n<p style=\"text-align: justify;\">La derni\u00e8re partie de l&rsquo;exposition est consacr\u00e9e au XXe si\u00e8cle, \u00ab\u00a0[interrogeant] la persistance de la notion de chef-d\u2019\u0153uvre [&#8230;] \u00e0 l\u2019\u00e8re de la reproductibilit\u00e9 des images\u00a0\u00bb.<\/p>\n<p style=\"text-align: justify;\">L&rsquo;un des artistes incontournables de cette \u00e9poque demeure Picasso, dont <i>La Muse<\/i> (1935, huile sur toile, 130&#215;162 cm) est expos\u00e9e. Cette toile traite du th\u00e8me de l&rsquo;atelier de l&rsquo;artiste, et \u00e9voque le refuge que cet endroit constitue, isol\u00e9 du reste du monde [6].<\/p>\n<p style=\"text-align: center; margin-bottom: 50px;\"><a href=\"http:\/\/lydie-boffy.net\/Images-blog\/meszaventures\/Metz-Nancy\/Pompidou\/37-Pablo Picasso-La Muse-1935.JPG\" rel=\"nofollow noopener\" target=\"_blank\"><img decoding=\"async\" class=\"alignnone\" style=\"border: 0pt none;\" src=\"http:\/\/lydie-boffy.net\/Images-blog\/Metz-Nancy\/Pompidou\/Miniatures\/37-Pablo Picasso-La Muse-1935.JPG\" alt=\"\" \/><\/a><\/p>\n<p style=\"text-align: justify;\">L&rsquo;un des autres artistes majeurs du XXe si\u00e8cles expos\u00e9 est Yves Klein (1928-1962), c\u00e9l\u00e8bre pour ses recherches sur la couleur bleue \u2013 il d\u00e9pose m\u00eame un brevet d&rsquo;une formule de bleu \u2013, et ses tableaux faits de l&#8217;empreinte de corps humains. Voici l&rsquo;une de ces \u0153uvres, <i>La grande anthropophagie bleue. Hommage \u00e0 Tennessee Williams<\/i> (1960, pigment pur, r\u00e9sine, papier maroufl\u00e9 sur toile, 407&#215;275 cm).<\/p>\n<p style=\"text-align: center; margin-bottom: 50px;\"><a href=\"http:\/\/lydie-boffy.net\/Images-blog\/Metz-Nancy\/Pompidou\/38-Yves Klein-Grande anthropophagie bleue, Hommage \u00e0 Tennessee Williams-1960-2.jpg\" rel=\"nofollow noopener\" target=\"_blank\"><img decoding=\"async\" class=\"alignnone\" style=\"border: 0pt none;\" src=\"http:\/\/lydie-boffy.net\/Images-blog\/Metz-Nancy\/Pompidou\/Miniatures\/38-Yves Klein-Grande anthropophagie bleue, Hommage \u00e0 Tennessee Williams-1960-2.jpg\" alt=\"\" \/><\/a><\/p>\n<p style=\"text-align: justify;\">Plusieurs collages, gouaches d\u00e9coup\u00e9es, de Henri Matisse sont expos\u00e9s, \u00e0 commencer par <i>Icare<\/i> et <i>Le lanceur de couteaux<\/i> (1946, papiers gouch\u00e9s, d\u00e9coup\u00e9s et coll\u00e9s sur papier maroufl\u00e9 sur toile). Ces deux collages sont tir\u00e9s de la maquette du livre <i>Jazz<\/i>, publi\u00e9 en 1947, et rassemblant des planches color\u00e9es et des pages d&rsquo;\u00e9criture [7].<\/p>\n<p style=\"text-align: center;\"><a href=\"http:\/\/lydie-boffy.net\/Images-blog\/Metz-Nancy\/Pompidou\/45-Henri Matisse-Icare-Papiers gouach\u00e9s, d\u00e9coup\u00e9s et coll\u00e9s sur papier maroufl\u00e9 sur toile-1946-2.jpg\" rel=\"nofollow noopener\" target=\"_blank\"><img decoding=\"async\" class=\"alignnone\" style=\"border: 0pt none;\" src=\"http:\/\/lydie-boffy.net\/Images-blog\/Metz-Nancy\/Pompidou\/Miniatures\/45-Henri Matisse-Icare-Papiers gouach\u00e9s, d\u00e9coup\u00e9s et coll\u00e9s sur papier maroufl\u00e9 sur toile-1946-2.jpg\" alt=\"\" \/><\/a><\/p>\n<p style=\"text-align: center;\"><a href=\"http:\/\/lydie-boffy.net\/Images-blog\/Metz-Nancy\/Pompidou\/46-Henri Matisse-Jazz Le lanceur de couteaux-1946-1.jpg\" rel=\"nofollow noopener\" target=\"_blank\"><img decoding=\"async\" class=\"alignnone\" style=\"border: 0pt none;\" src=\"http:\/\/lydie-boffy.net\/Images-blog\/Metz-Nancy\/Pompidou\/Miniatures\/46-Henri Matisse-Jazz Le lanceur de couteaux-1946-1.jpg\" alt=\"\" \/><\/a><\/p>\n<p style=\"text-align: center;\"><a href=\"http:\/\/lydie-boffy.net\/Images-blog\/Metz-Nancy\/Pompidou\/46-Henri Matisse-Jazz Le lanceur de couteaux-1946-2.jpg\" rel=\"nofollow noopener\" target=\"_blank\"><img decoding=\"async\" class=\"alignnone\" style=\"border: 0pt none;\" src=\"http:\/\/lydie-boffy.net\/Images-blog\/Metz-Nancy\/Pompidou\/Miniatures\/46-Henri Matisse-Jazz Le lanceur de couteaux-1946-2.jpg\" alt=\"\" \/><\/a><\/p>\n<p style=\"text-align: center; margin-bottom: 50px;\"><a href=\"http:\/\/lydie-boffy.net\/Images-blog\/Metz-Nancy\/Pompidou\/46-Henri Matisse-Jazz Le lanceur de couteaux-1946-4.jpg\" rel=\"nofollow noopener\" target=\"_blank\"><img decoding=\"async\" class=\"alignnone\" style=\"border: 0pt none;\" src=\"http:\/\/lydie-boffy.net\/Images-blog\/Metz-Nancy\/Pompidou\/Miniatures\/46-Henri Matisse-Jazz Le lanceur de couteaux-1946-4.jpg\" alt=\"\" \/><\/a><\/p>\n<p style=\"text-align: justify;\">Une des plus c\u00e9l\u00e8bres toiles de Vassily Kandinsky (1866-1944), <i>Bleu de ciel<\/i> (1940, huile sur toile, 100&#215;73 cm), prend \u00e9galement place dans l&rsquo;exposition. Cette \u0153uvre date de la derni\u00e8re p\u00e9riode de la vie du peintre, et t\u00e9moigne du renouvellement de l&rsquo;artiste. Ce dernier \u00e9voque notamment dans ce tableau la \u00ab\u00a0libert\u00e9 du r\u00eave\u00a0\u00bb [8].<\/p>\n<p style=\"text-align: center; margin-bottom: 50px;\"><a href=\"http:\/\/lydie-boffy.net\/Images-blog\/Metz-Nancy\/Pompidou\/48-Vassily Kandinsky-Bleu de ciel-Huile sur toile-19401.jpg\" rel=\"nofollow noopener\" target=\"_blank\"><img decoding=\"async\" class=\"alignnone\" style=\"border: 0pt none; margin-right: 10px;\" src=\"http:\/\/lydie-boffy.net\/Images-blog\/Metz-Nancy\/Pompidou\/Miniatures\/48-Vassily Kandinsky-Bleu de ciel-Huile sur toile-19401.jpg\" alt=\"\" \/><\/a><a href=\"http:\/\/lydie-boffy.net\/Images-blog\/Metz-Nancy\/Pompidou\/48-Vassily Kandinsky-Bleu de ciel-Huile sur toile-19404.jpg\" rel=\"nofollow noopener\" target=\"_blank\"><img decoding=\"async\" class=\"alignnone\" style=\"border: 0pt none; margin-left: 10px;\" src=\"http:\/\/lydie-boffy.net\/Images-blog\/Metz-Nancy\/Pompidou\/Miniatures\/48-Vassily Kandinsky-Bleu de ciel-Huile sur toile-19404.jpg\" alt=\"\" \/><\/a><\/p>\n<p style=\"text-align: justify;\">Dans cette derni\u00e8re salle du mus\u00e9e, sont \u00e9galement expos\u00e9s plusieurs livres, affiches, pages de journaux etc. C&rsquo;est le cas de cette amusante une de <i>Charlie Hebdo<\/i> (1er f\u00e9vrier 1979, n\u00b0 429).<\/p>\n<p style=\"text-align: center; margin-bottom: 50px;\"><a href=\"http:\/\/lydie-boffy.net\/Images-blog\/Metz-Nancy\/Pompidou\/47-Charlie Hebdo-n\u00b0429-1er f\u00e9vrier 1979.JPG\" rel=\"nofollow noopener\" target=\"_blank\"><img decoding=\"async\" class=\"alignnone\" style=\"border: 0pt none;\" src=\"http:\/\/lydie-boffy.net\/Images-blog\/\/Metz-Nancy\/Pompidou\/Miniatures\/47-Charlie Hebdo-n\u00b0429-1er f\u00e9vrier 1979.JPG\" alt=\"\" \/><\/a><\/p>\n<p style=\"text-align: justify;\">Pour terminer, voici l&rsquo;une des vues sur la ville de Metz qu&rsquo;offrent les diff\u00e9rentes galeries du mus\u00e9e. En effet, l&rsquo;\u00e9difice a \u00e9t\u00e9 pens\u00e9 de telle sorte qu&rsquo;il offre des points de vue sur les alentours et diff\u00e9rentes parties de la ville. Au dernier \u00e9tage, c&rsquo;est la cath\u00e9drale qui est \u00e0 l&rsquo;honneur.<\/p>\n<p style=\"text-align: center;\"><a href=\"http:\/\/lydie-boffy.net\/Images-blog\/Metz-Nancy\/Pompidou\/49-Vues deuxi\u00e8me \u00e9tage3.jpg\" rel=\"nofollow noopener\" target=\"_blank\"><img decoding=\"async\" class=\"alignnone\" style=\"border: 0pt none;\" src=\"http:\/\/lydie-boffy.net\/Images-blog\/Metz-Nancy\/Pompidou\/Miniatures\/49-Vues deuxi\u00e8me \u00e9tage3.jpg\" alt=\"\" \/><\/a><\/p>\n<p style=\"text-align: center;\"><a href=\"http:\/\/lydie-boffy.net\/Images-blog\/Metz-Nancy\/Pompidou\/49-Vues deuxi\u00e8me \u00e9tage9.jpg\" rel=\"nofollow noopener\" target=\"_blank\"><img decoding=\"async\" class=\"alignnone\" style=\"border: 0pt none;\" src=\"http:\/\/lydie-boffy.net\/Images-blog\/Metz-Nancy\/Pompidou\/Miniatures\/49-Vues deuxi\u00e8me \u00e9tage9.jpg\" alt=\"\" \/><\/a><\/p>\n<p>&nbsp;<\/p>\n<div style=\"width: 550px; float: right; margin-left: 5px; margin-right: 13px; text-align: justify;\">Pour des renseignements plus pr\u00e9cis, consulter les <a href=\"http:\/\/www.centrepompidou.fr\/education\/ressources\/ENS-cubisme\/Cubisme.htm#leger\" rel=\"nofollow noopener\" target=\"_blank\">Dossiers p\u00e9dagogiques du Centre Pompidou \u2013 Un mouvement, une p\u00e9riode \u2013 Le cubisme<\/a>.<\/div>\n<div style=\"width: 30px; float: left; margin-right: 5px; margin-left: 13px; text-align: justify;\">[1]<\/div>\n<div style=\"width: 550px; float: right; margin-left: 5px; margin-right: 13px; text-align: justify;\">Voir les <a href=\"http:\/\/www.centrepompidou.fr\/education\/ressources\/ENS-leger\/ENS-leger.html\" rel=\"nofollow noopener\" target=\"_blank\">Dossiers p\u00e9dagogiques du Centre Pompidou \u2013 Grandes figures de l&rsquo;art moderne \u2013 Fernand L\u00e9ger<\/a>.<\/div>\n<div style=\"width: 30px; float: left; margin-right: 5px; margin-left: 13px; text-align: justify;\">[2]<\/div>\n<div style=\"width: 550px; float: right; margin-left: 5px; margin-right: 13px; text-align: justify;\">Voir <a href=\"http:\/\/www.latribunedelart.com\/ouverture-du-centre-pompidou-metz-article002573.html\" rel=\"nofollow noopener\" target=\"_blank\">La Tribune de l&rsquo;Art<\/a>.<\/div>\n<div style=\"width: 30px; float: left; margin-right: 5px; margin-left: 13px; text-align: justify;\">[3]<\/div>\n<div style=\"width: 550px; float: right; margin-left: 5px; margin-right: 13px; text-align: justify;\">Voir l&rsquo;article dans la rubrique <a href=\"http:\/\/lartpourtous.blog.tdg.ch\/archive\/2010\/06\/10\/delaunay-prince-de-la-forme-couleur.html\" rel=\"nofollow noopener\" target=\"_blank\">L&rsquo;art pour tous<\/a> de la <i>Tribune de Gen\u00e8ve<\/i>.<\/div>\n<div style=\"width: 30px; float: left; margin-right: 5px; margin-left: 13px; text-align: justify;\">[4]<\/div>\n<div style=\"width: 550px; float: right; margin-left: 5px; margin-right: 13px; text-align: justify;\">Voir les <a href=\"http:\/\/www.centrepompidou.fr\/education\/ressources\/ens-miro\/ens-miro.html\" rel=\"nofollow noopener\" target=\"_blank\">Parcours p\u00e9dagogiques pour les enseignants \u2013 Joan Mir\u00f3 \u2013 La naissance du monde<\/a>.<\/div>\n<div style=\"width: 30px; float: left; margin-right: 5px; margin-left: 13px; text-align: justify;\">[5]<\/div>\n<div style=\"width: 550px; float: right; margin-left: 5px; margin-right: 13px; text-align: justify;\">Voir les <a href=\"http:\/\/www.centrepompidou.fr\/education\/ressources\/ENS-collection_moderne2007\/ENS_collection_moderne2007.html\" rel=\"nofollow noopener\" target=\"_blank\">Dossiers p\u00e9dagogiques \u2013 Les \u0153uvres et leur contexte \u2013 Les ateliers de Picasso dans les ann\u00e9es 30<\/a>.<\/div>\n<div style=\"width: 30px; float: left; margin-right: 5px; margin-left: 13px; text-align: justify;\">[6]<\/div>\n<div style=\"width: 550px; float: right; margin-left: 5px; margin-right: 13px; text-align: justify;\">Voir les <a href=\"http:\/\/www.centrepompidou.fr\/education\/ressources\/ENS-matisse\/ENS-matisse.htm\" rel=\"nofollow noopener\" target=\"_blank\">Monographies des grandes figures de l&rsquo;art \u2013 Henri Matisse<\/a>.<\/div>\n<div style=\"width: 30px; float: left; margin-right: 5px; margin-left: 13px; text-align: justify;\">[7]<\/div>\n<div style=\"width: 550px; float: right; margin-left: 5px; margin-right: 13px; text-align: justify;\">Voir les <a href=\"http:\/\/www.centrepompidou.fr\/education\/ressources\/ENS-kandinsky-mono\/ENS-kandinsky-monographie.html\" rel=\"nofollow noopener\" target=\"_blank\">Monographies des grandes figures de l&rsquo;art \u2013 Vassily Kandinsky<\/a>.<\/div>\n<div style=\"width: 30px; float: left; margin-right: 5px; margin-left: 13px; text-align: justify;\">[8]<\/div>\n","protected":false},"excerpt":{"rendered":"<p style=\"text-align: justify;\">Nous avons profit\u00e9 d&rsquo;un week-end de la fin du mois d&rsquo;ao\u00fbt pour visiter les villes de Metz et Nancy, et surtout, le nouveau mus\u00e9e qui a fait tant de bruit ces derniers mois \u2013 il a \u00e9t\u00e9 inaugur\u00e9 en mai \u2013, le <a href =\"http:\/\/www.centrepompidou-metz.fr\/site\/?lang=fr\">Centre Pompidou-Metz<\/a><\/p>\n","protected":false},"author":1,"featured_media":26249,"comment_status":"open","ping_status":"open","sticky":false,"template":"","format":"standard","meta":{"_et_pb_use_builder":"","_et_pb_old_content":"","_et_gb_content_width":"","footnotes":""},"categories":[42],"class_list":["post-15","post","type-post","status-publish","format-standard","has-post-thumbnail","hentry","category-voyages"],"_links":{"self":[{"href":"https:\/\/www.studio.eklozia.fr\/lydiesevade\/wp-json\/wp\/v2\/posts\/15","targetHints":{"allow":["GET"]}}],"collection":[{"href":"https:\/\/www.studio.eklozia.fr\/lydiesevade\/wp-json\/wp\/v2\/posts"}],"about":[{"href":"https:\/\/www.studio.eklozia.fr\/lydiesevade\/wp-json\/wp\/v2\/types\/post"}],"author":[{"embeddable":true,"href":"https:\/\/www.studio.eklozia.fr\/lydiesevade\/wp-json\/wp\/v2\/users\/1"}],"replies":[{"embeddable":true,"href":"https:\/\/www.studio.eklozia.fr\/lydiesevade\/wp-json\/wp\/v2\/comments?post=15"}],"version-history":[{"count":0,"href":"https:\/\/www.studio.eklozia.fr\/lydiesevade\/wp-json\/wp\/v2\/posts\/15\/revisions"}],"wp:featuredmedia":[{"embeddable":true,"href":"https:\/\/www.studio.eklozia.fr\/lydiesevade\/wp-json\/"}],"wp:attachment":[{"href":"https:\/\/www.studio.eklozia.fr\/lydiesevade\/wp-json\/wp\/v2\/media?parent=15"}],"wp:term":[{"taxonomy":"category","embeddable":true,"href":"https:\/\/www.studio.eklozia.fr\/lydiesevade\/wp-json\/wp\/v2\/categories?post=15"}],"curies":[{"name":"wp","href":"https:\/\/api.w.org\/{rel}","templated":true}]}}