{"id":2590,"date":"2014-07-28T15:28:55","date_gmt":"2014-07-28T14:28:55","guid":{"rendered":"http:\/\/blog.lydie-boffy.net\/?p=2590"},"modified":"2025-08-18T17:12:11","modified_gmt":"2025-08-18T17:12:11","slug":"la-derniere-demeure-de-leonard-de-vinci","status":"publish","type":"post","link":"https:\/\/www.studio.eklozia.fr\/lydiesevade\/la-derniere-demeure-de-leonard-de-vinci\/","title":{"rendered":"La derni\u00e8re demeure de L\u00e9onard de Vinci"},"content":{"rendered":"<p>[et_pb_section admin_label=\u00a0\u00bbsection\u00a0\u00bb][et_pb_row admin_label=\u00a0\u00bbrow\u00a0\u00bb][et_pb_column type=\u00a0\u00bb4_4&Prime;][et_pb_text admin_label=\u00a0\u00bbTexte\u00a0\u00bb]<\/p>\n<p style=\"text-align: justify;\">Si la ville d\u2019Amboise est dot\u00e9e d\u2019un ch\u00e2teau royal tr\u00e8s c\u00e9l\u00e8bre, elle m\u00e9rite \u00e9galement qu\u2019on s\u2019y attarde pour une autre demeure : <strong>le ch\u00e2teau du Clos Luc\u00e9<\/strong>, particuli\u00e8rement connu pour avoir \u00e9t\u00e9 la <strong>derni\u00e8re r\u00e9sidence de L\u00e9onard de Vinci<\/strong>. Bien s\u00fbr, l\u2019artiste et inventeur n\u2019a \u00e9t\u00e9 que l\u2019un des nombreux occupants du manoir du Cloux, mais les lieux ont avant tout conserv\u00e9 l\u2019esprit Renaissance et la th\u00e9matique d\u00e9velopp\u00e9e par les gestionnaires du ch\u00e2teau est bel et bien l\u2019univers du ma\u00eetre italien. Il n\u2019en reste pas moins que la b\u00e2tisse, restaur\u00e9e d\u00e8s les ann\u00e9es 1960, renferme quelques pi\u00e8ces joliment am\u00e9nag\u00e9es et est entour\u00e9e d\u2019un<strong> parc et d\u2019un jardin<\/strong> qui valent \u00e0 eux seuls le d\u00e9tour.<\/p>\n<ul class=\"et_post_gallery clearfix\">\n\t\t\t\t\t\n\t\t\t\t<\/ul>\n<h3>L\u2019int\u00e9rieur du ch\u00e2teau<\/h3>\n<p style=\"text-align: justify;\">On commence la visite en empruntant<strong> la galerie<\/strong> reliant la tour de guet au corps de logis. Ces \u00e9l\u00e9ments constituent les derni\u00e8res traces de l\u2019\u00e9poque o\u00f9 le Clos Luc\u00e9 \u00e9tait une demeure fortifi\u00e9e (le chastelet du Cloux), au XIe si\u00e8cle. En 1471, le ma\u00eetre d\u2019hostel du roi Louis XI l\u2019acquiert et lui donne sa forme actuelle : le chemin de ronde devient alors une galerie, sorte de loge \u00e0 l\u2019italienne, qui donne aujourd\u2019hui sur le parc et le b\u00e2timent de briques roses.<\/p>\n<ul class=\"et_post_gallery clearfix\">\n\t\t\t\t\t\n\t\t\t\t<\/ul>\n<p style=\"text-align: justify;\">On p\u00e9n\u00e8tre ensuite dans le b\u00e2timent, pour entrer dans la chambre de L\u00e9onard. C\u2019est de l\u00e0, para\u00eet-il, qu\u2019il aimait \u00e0 contempler le ch\u00e2teau de son ami Fran\u00e7ois Ier. Je ne sais pas si l\u2019anecdote est av\u00e9r\u00e9e, mais il est certain que la <strong>vue sur le ch\u00e2teau d\u2019Amboise<\/strong> est imprenable. En contrebas, on aper\u00e7oit \u00e9galement un petit jardin :<\/p>\n<ul class=\"et_post_gallery clearfix\">\n\t\t\t\t\t\n\t\t\t\t<\/ul>\n<p style=\"text-align: justify;\">Au premier \u00e9tage se trouvent donc la<strong> chambre de L\u00e9onard de Vinci<\/strong>, ainsi que <strong>celle de Marguerite de Navarre<\/strong>, s\u0153ur de Fran\u00e7ois Ier. En effet, d\u00e8s 1490, le ch\u00e2teau est acquis par Charles VIII pour devenir demeure royale et r\u00e9sidence d\u2019\u00e9t\u00e9 des rois de France. C\u2019est ensuite l\u00e0 que Louise de Savoie r\u00e9side et \u00e9l\u00e8ve ses deux enfants, Marguerite (femme de lettres et future reine de Navarre) et Fran\u00e7ois d\u2019Angoul\u00eame, tous deux sensibles aux id\u00e9es de l\u2019Humanisme et de la Renaissance italienne. Devenu roi, <strong>Fran\u00e7ois Ier invite L\u00e9onard de Vinci \u00e0 s\u2019installer au Clos Luc\u00e9<\/strong> en 1516. \u00c2g\u00e9 de 64 ans, le vieil homme accepte et traverse les Alpes, avec dans ses malles, les plus c\u00e9l\u00e8bres de ses \u0153uvres comme<em> la Joconde<\/em>, <em>la Vierge \u00e0 l\u2019Enfant avec sainte Anne<\/em> et le<em> saint Jean-Baptiste<\/em> qu\u2019il ach\u00e8ve en France.<\/p>\n<p style=\"text-align: justify;\"><strong>De Vinci vit trois ann\u00e9es au ch\u00e2teau<\/strong>, peignant et travaillant \u00e0 mille projets, avant de rendre l\u2019\u00e2me. Dans la chambre, une reproduction du tableau d\u2019Ingres repr\u00e9sentant sa mort dans les bras de Fran\u00e7ois Ier (une l\u00e9gende) est m\u00eame accroch\u00e9e \u00e0 c\u00f4t\u00e9 d\u2019un lit Renaissance \u00e0 baldaquin. Globalement,<strong> l\u2019am\u00e9nagement des deux chambres<\/strong> est plut\u00f4t agr\u00e9able \u00e0 l\u2019\u0153il, avec un ensemble de mobilier, tapisseries et objets de la vie quotidienne datant du XVIe si\u00e8cle.<\/p>\n<p style=\"text-align: justify;\">La visite se poursuit par le rez-de-chauss\u00e9e, o\u00f9 Charles VIII avait fait \u00e9difier une <strong>chapelle pour son \u00e9pouse Anne de Bretagne<\/strong>. Cette derni\u00e8re pouvait y prier en paix, loin de la cour d\u2019Amboise, pour ses enfants morts en bas \u00e2ge. Juste \u00e0 c\u00f4t\u00e9, changement radical d\u2019\u00e9poque : <strong>des salons XVIIIe<\/strong> t\u00e9moignent du temps o\u00f9 la famille d\u2019Amboise r\u00e9gnait sur les lieux, qu\u2019elle a su pr\u00e9server malgr\u00e9 la R\u00e9volution.<\/p>\n<ul class=\"et_post_gallery clearfix\">\n\t\t\t\t\t\n\t\t\t\t<\/ul>\n<h3>L\u00e9onard l\u2019inventeur prolifique<\/h3>\n<p style=\"text-align: justify;\">Beaucoup de visiteurs se rendent au Clos Luc\u00e9 pour les <strong>maquettes et objets grandeur nature <\/strong>mis au point \u00e0 partir des<strong> croquis de L\u00e9onard de Vinci<\/strong>. De fait, si l\u2019int\u00e9r\u00eat pour cet artiste n\u2019a jamais faibli \u00e0 travers les si\u00e8cles, c\u2019est autant en raison de ses \u0153uvres que de ses nombreuses inventions. Mais bien que la l\u00e9gende fasse de L\u00e9onard le pr\u00e9curseur de nombreux engins modernes, ses croquis constituent pour beaucoup des am\u00e9liorations de machines existantes ou, \u00e0 l\u2019oppos\u00e9, des \u00e9tudes plus th\u00e9oriques, vou\u00e9es \u00e0 rester dans le domaine de l\u2019imaginaire. L\u2019ing\u00e9nieur et inventeur s\u2019inscrit d\u2019ailleurs dans le courant scientifique de son temps, en entretenant une curiosit\u00e9 \u00e9largie ainsi qu\u2019une <strong>pens\u00e9e synth\u00e9tique et universelle<\/strong>. Ce qui ne l\u2019a pas emp\u00each\u00e9 de produire certaines innovations et perfectionnements remarquables, tout en \u00e9tant l\u2019un des premiers \u00e0 s\u2019int\u00e9resser \u00e0 des inventions cruciales pour son \u00e9poque, comme l\u2019imprimerie.<\/p>\n<p style=\"text-align: justify;\">Au sous-sol du ch\u00e2teau, les quatre salles sont d\u00e9di\u00e9es \u00e0 l\u2019exposition de <strong>40 maquettes, r\u00e9alis\u00e9es par IBM<\/strong> \u00e0 partir des dessins de L\u00e9onard, et construites avec des mat\u00e9riaux \u00ab\u00a0de l\u2019\u00e9poque\u00a0\u00bb. Char d\u2019assaut, bateau \u00e0 aubes, machine volante, parachute, pont tournant, bou\u00e9e, flotteurs, canons\u2026 les centres d\u2019int\u00e9r\u00eat de l\u2019inventeur \u00e9taient pour le moins vari\u00e9s.<\/p>\n<ul class=\"et_post_gallery clearfix\">\n\t\t\t\t\t\n\t\t\t\t<\/ul>\n<p style=\"text-align: justify;\">Apr\u00e8s les maquettes, les r\u00e9alisations grandeur nature. Dans le parc du ch\u00e2teau, de nombreuses inventions du penseur italien sont mises en sc\u00e8ne\u2026 et \u00e0 tester !<\/p>\n<ul class=\"et_post_gallery clearfix\">\n\t\t\t\t\t\n\t\t\t\t<\/ul>\n<h3>Le parc et le jardin<\/h3>\n<p><a href=\"http:\/\/lydiesevade.com\/wp-content\/uploads\/2014\/07\/Vue-180-parc.jpg\" rel=\"nofollow noopener\" target=\"_blank\"><img decoding=\"async\" class=\"alignnone wp-image-2633 size-large\" src=\"http:\/\/lydiesevade.com\/wp-content\/uploads\/2014\/07\/Vue-180-parc-1024x274.jpg\" alt=\"Vue panoramique sur le jardin de L\u00e9onard\" width=\"1024\" height=\"274\" \/><\/a><\/p>\n<p style=\"text-align: justify;\">L\u00e9onard de Vinci s\u2019int\u00e9ressait beaucoup \u00e0 la Nature et aux am\u00e9nagements paysagers. Dans le parc et dans le \u00ab\u00a0Jardin de L\u00e9onard\u00a0\u00bb, <strong>plusieurs paysages sont \u00ab\u00a0reconstitu\u00e9s\u00a0\u00bb ou cr\u00e9\u00e9s<\/strong> \u00e0 partir de croquis, dessins et tableaux, pour lesquels l\u2019artiste s\u2019est appuy\u00e9 sur ses nombreuses observations des plantes et paysages naturels. Je ne peux mesurer l\u2019\u00e9tendue et l\u2019exactitude de ces reconstitutions, mais je dois avouer que ces agencements et plantations forment un tr\u00e8s bel et harmonieux ensemble, tout \u00e0 fait propice aux fl\u00e2neries et \u00e0 l\u2019observation, en toute qui\u00e9tude.<\/p>\n<ul class=\"et_post_gallery clearfix\">\n\t\t\t\t\t\n\t\t\t\t<\/ul>\n<p>[\/et_pb_text][\/et_pb_column][\/et_pb_row][\/et_pb_section][et_pb_section admin_label=\u00a0\u00bbSection\u00a0\u00bb fullwidth=\u00a0\u00bbon\u00a0\u00bb specialty=\u00a0\u00bboff\u00a0\u00bb transparent_background=\u00a0\u00bboff\u00a0\u00bb background_color=\u00a0\u00bb#ffffff\u00a0\u00bb allow_player_pause=\u00a0\u00bboff\u00a0\u00bb inner_shadow=\u00a0\u00bboff\u00a0\u00bb parallax=\u00a0\u00bboff\u00a0\u00bb parallax_method=\u00a0\u00bboff\u00a0\u00bb padding_mobile=\u00a0\u00bboff\u00a0\u00bb make_fullwidth=\u00a0\u00bboff\u00a0\u00bb use_custom_width=\u00a0\u00bboff\u00a0\u00bb width_unit=\u00a0\u00bbon\u00a0\u00bb make_equal=\u00a0\u00bboff\u00a0\u00bb use_custom_gutter=\u00a0\u00bboff\u00a0\u00bb][et_pb_fullwidth_code admin_label=\u00a0\u00bbCode en pleine largeur\u00a0\u00bb]&lt;h3 style=&quot;padding-right:5%;padding-left:5%;&quot;&gt;Retrouver le ch\u00e2teau du Clos Luc\u00e9 \u00e0 Amboise :&lt;\/h3&gt;<br \/>\n&lt;iframe src=&quot;https:\/\/www.google.com\/maps\/embed?pb=!1m18!1m12!1m3!1d10800.289668571808!2d0.9811379854049469!3d47.41052863591395!2m3!1f0!2f0!3f0!3m2!1i1024!2i768!4f13.1!3m3!1m2!1s0x47fcb57961d050cf%3A0x7fe601d9d87baa67!2sCh%C3%A2teau+du+Clos+Luc%C3%A9!5e0!3m2!1sfr!2sfr!4v1470739563563&quot; width=&quot;950&quot; height=&quot;500&quot; frameborder=&quot;0&quot; style=&quot;border:0&quot; allowfullscreen&gt;&lt;\/iframe&gt;[\/et_pb_fullwidth_code][\/et_pb_section]<\/p>\n","protected":false},"excerpt":{"rendered":"<p>Si la ville d\u2019Amboise est dot\u00e9e d\u2019un ch\u00e2teau royal tr\u00e8s c\u00e9l\u00e8bre, elle m\u00e9rite \u00e9galement qu\u2019on s\u2019y attarde pour une autre demeure : le ch\u00e2teau du Clos Luc\u00e9, particuli\u00e8rement connu pour avoir \u00e9t\u00e9 la derni\u00e8re r\u00e9sidence de L\u00e9onard de Vinci&#8230;<\/p>\n","protected":false},"author":1,"featured_media":2614,"comment_status":"open","ping_status":"open","sticky":false,"template":"","format":"standard","meta":{"_et_pb_use_builder":"on","_et_pb_old_content":"<p style=\"text-align: justify;\">Si la ville d\u2019Amboise est dot\u00e9e d\u2019un ch\u00e2teau royal tr\u00e8s c\u00e9l\u00e8bre, elle m\u00e9rite \u00e9galement qu\u2019on s\u2019y attarde pour une autre demeure : <strong>le ch\u00e2teau du Clos Luc\u00e9<\/strong>, particuli\u00e8rement connu pour avoir \u00e9t\u00e9 la <strong>derni\u00e8re r\u00e9sidence de L\u00e9onard de Vinci<\/strong>. Bien s\u00fbr, l\u2019artiste et inventeur n\u2019a \u00e9t\u00e9 que l\u2019un des nombreux occupants du manoir du Cloux, mais les lieux ont avant tout conserv\u00e9 l\u2019esprit Renaissance et la th\u00e9matique d\u00e9velopp\u00e9e par les gestionnaires du ch\u00e2teau est bel et bien l\u2019univers du ma\u00eetre italien. Il n\u2019en reste pas moins que la b\u00e2tisse, restaur\u00e9e d\u00e8s les ann\u00e9es 1960, renferme quelques pi\u00e8ces joliment am\u00e9nag\u00e9es et est entour\u00e9e d\u2019un<strong> parc et d\u2019un jardin<\/strong> qui valent \u00e0 eux seuls le d\u00e9tour.<\/p>\n[gallery columns=\"4\" link=\"file\" ids=\"2599,2600,2601,2602\"]\n<h3>L\u2019int\u00e9rieur du ch\u00e2teau<\/h3>\n<p style=\"text-align: justify;\">On commence la visite en empruntant<strong> la galerie<\/strong> reliant la tour de guet au corps de logis. Ces \u00e9l\u00e9ments constituent les derni\u00e8res traces de l\u2019\u00e9poque o\u00f9 le Clos Luc\u00e9 \u00e9tait une demeure fortifi\u00e9e (le chastelet du Cloux), au XIe si\u00e8cle. En 1471, le ma\u00eetre d\u2019hostel du roi Louis XI l\u2019acquiert et lui donne sa forme actuelle : le chemin de ronde devient alors une galerie, sorte de loge \u00e0 l\u2019italienne, qui donne aujourd\u2019hui sur le parc et le b\u00e2timent de briques roses.<\/p>\n[gallery columns=\"4\" link=\"file\" ids=\"2604,2605,2606,2607\"]\n<p style=\"text-align: justify;\">On p\u00e9n\u00e8tre ensuite dans le b\u00e2timent, pour entrer dans la chambre de L\u00e9onard. C\u2019est de l\u00e0, para\u00eet-il, qu\u2019il aimait \u00e0 contempler le ch\u00e2teau de son ami Fran\u00e7ois Ier. Je ne sais pas si l\u2019anecdote est av\u00e9r\u00e9e, mais il est certain que la <strong>vue sur le ch\u00e2teau d\u2019Amboise<\/strong> est imprenable. En contrebas, on aper\u00e7oit \u00e9galement un petit jardin :<\/p>\n[gallery link=\"file\" columns=\"4\" ids=\"2609,2611,2610\"]\n<p style=\"text-align: justify;\">Au premier \u00e9tage se trouvent donc la<strong> chambre de L\u00e9onard de Vinci<\/strong>, ainsi que <strong>celle de Marguerite de Navarre<\/strong>, s\u0153ur de Fran\u00e7ois Ier. En effet, d\u00e8s 1490, le ch\u00e2teau est acquis par Charles VIII pour devenir demeure royale et r\u00e9sidence d\u2019\u00e9t\u00e9 des rois de France. C\u2019est ensuite l\u00e0 que Louise de Savoie r\u00e9side et \u00e9l\u00e8ve ses deux enfants, Marguerite (femme de lettres et future reine de Navarre) et Fran\u00e7ois d\u2019Angoul\u00eame, tous deux sensibles aux id\u00e9es de l\u2019Humanisme et de la Renaissance italienne. Devenu roi, <strong>Fran\u00e7ois Ier invite L\u00e9onard de Vinci \u00e0 s\u2019installer au Clos Luc\u00e9<\/strong> en 1516. \u00c2g\u00e9 de 64 ans, le vieil homme accepte et traverse les Alpes, avec dans ses malles, les plus c\u00e9l\u00e8bres de ses \u0153uvres comme<em> la Joconde<\/em>, <em>la Vierge \u00e0 l\u2019Enfant avec sainte Anne<\/em> et le<em> saint Jean-Baptiste<\/em> qu\u2019il ach\u00e8ve en France.<\/p>\n<p style=\"text-align: justify;\"><strong>De Vinci vit trois ann\u00e9es au ch\u00e2teau<\/strong>, peignant et travaillant \u00e0 mille projets, avant de rendre l\u2019\u00e2me. Dans la chambre, une reproduction du tableau d\u2019Ingres repr\u00e9sentant sa mort dans les bras de Fran\u00e7ois Ier (une l\u00e9gende) est m\u00eame accroch\u00e9e \u00e0 c\u00f4t\u00e9 d\u2019un lit Renaissance \u00e0 baldaquin. Globalement,<strong> l\u2019am\u00e9nagement des deux chambres<\/strong> est plut\u00f4t agr\u00e9able \u00e0 l\u2019\u0153il, avec un ensemble de mobilier, tapisseries et objets de la vie quotidienne datant du XVIe si\u00e8cle.<\/p>\n<p style=\"text-align: justify;\">La visite se poursuit par le rez-de-chauss\u00e9e, o\u00f9 Charles VIII avait fait \u00e9difier une <strong>chapelle pour son \u00e9pouse Anne de Bretagne<\/strong>. Cette derni\u00e8re pouvait y prier en paix, loin de la cour d\u2019Amboise, pour ses enfants morts en bas \u00e2ge. Juste \u00e0 c\u00f4t\u00e9, changement radical d\u2019\u00e9poque : <strong>des salons XVIIIe<\/strong> t\u00e9moignent du temps o\u00f9 la famille d\u2019Amboise r\u00e9gnait sur les lieux, qu\u2019elle a su pr\u00e9server malgr\u00e9 la R\u00e9volution.<\/p>\n[gallery columns=\"5\" link=\"file\" ids=\"2615,2616,2617,2618,2619\"]\n<h3>L\u00e9onard l\u2019inventeur prolifique<\/h3>\n<p style=\"text-align: justify;\">Beaucoup de visiteurs se rendent au Clos Luc\u00e9 pour les <strong>maquettes et objets grandeur nature <\/strong>mis au point \u00e0 partir des<strong> croquis de L\u00e9onard de Vinci<\/strong>. De fait, si l\u2019int\u00e9r\u00eat pour cet artiste n\u2019a jamais faibli \u00e0 travers les si\u00e8cles, c\u2019est autant en raison de ses \u0153uvres que de ses nombreuses inventions. Mais bien que la l\u00e9gende fasse de L\u00e9onard le pr\u00e9curseur de nombreux engins modernes, ses croquis constituent pour beaucoup des am\u00e9liorations de machines existantes ou, \u00e0 l\u2019oppos\u00e9, des \u00e9tudes plus th\u00e9oriques, vou\u00e9es \u00e0 rester dans le domaine de l\u2019imaginaire. L\u2019ing\u00e9nieur et inventeur s\u2019inscrit d\u2019ailleurs dans le courant scientifique de son temps, en entretenant une curiosit\u00e9 \u00e9largie ainsi qu\u2019une <strong>pens\u00e9e synth\u00e9tique et universelle<\/strong>. Ce qui ne l\u2019a pas emp\u00each\u00e9 de produire certaines innovations et perfectionnements remarquables, tout en \u00e9tant l\u2019un des premiers \u00e0 s\u2019int\u00e9resser \u00e0 des inventions cruciales pour son \u00e9poque, comme l\u2019imprimerie.<\/p>\n<p style=\"text-align: justify;\">Au sous-sol du ch\u00e2teau, les quatre salles sont d\u00e9di\u00e9es \u00e0 l\u2019exposition de <strong>40 maquettes, r\u00e9alis\u00e9es par IBM<\/strong> \u00e0 partir des dessins de L\u00e9onard, et construites avec des mat\u00e9riaux \u00ab\u00a0de l\u2019\u00e9poque\u00a0\u00bb. Char d\u2019assaut, bateau \u00e0 aubes, machine volante, parachute, pont tournant, bou\u00e9e, flotteurs, canons\u2026 les centres d\u2019int\u00e9r\u00eat de l\u2019inventeur \u00e9taient pour le moins vari\u00e9s.<\/p>\n[gallery columns=\"4\" link=\"file\" ids=\"2622,2623,2624,2625\"]\n<p style=\"text-align: justify;\">Apr\u00e8s les maquettes, les r\u00e9alisations grandeur nature. Dans le parc du ch\u00e2teau, de nombreuses inventions du penseur italien sont mises en sc\u00e8ne\u2026 et \u00e0 tester !<\/p>\n[gallery columns=\"5\" link=\"file\" ids=\"2627,2631,2630,2629,2628\"]\n<h3>Le parc et le jardin<\/h3>\n<a href=\"http:\/\/lydiesevade.com\/wp-content\/uploads\/2014\/07\/Vue-180-parc.jpg\"><img class=\"alignnone wp-image-2633 size-large\" src=\"http:\/\/lydiesevade.com\/wp-content\/uploads\/2014\/07\/Vue-180-parc-1024x274.jpg\" alt=\"Vue panoramique sur le jardin de L\u00e9onard\" width=\"1024\" height=\"274\" \/><\/a>\n<p style=\"text-align: justify;\">L\u00e9onard de Vinci s\u2019int\u00e9ressait beaucoup \u00e0 la Nature et aux am\u00e9nagements paysagers. Dans le parc et dans le \u00ab\u00a0Jardin de L\u00e9onard\u00a0\u00bb, <strong>plusieurs paysages sont \u00ab\u00a0reconstitu\u00e9s\u00a0\u00bb ou cr\u00e9\u00e9s<\/strong> \u00e0 partir de croquis, dessins et tableaux, pour lesquels l\u2019artiste s\u2019est appuy\u00e9 sur ses nombreuses observations des plantes et paysages naturels. Je ne peux mesurer l\u2019\u00e9tendue et l\u2019exactitude de ces reconstitutions, mais je dois avouer que ces agencements et plantations forment un tr\u00e8s bel et harmonieux ensemble, tout \u00e0 fait propice aux fl\u00e2neries et \u00e0 l\u2019observation, en toute qui\u00e9tude.<\/p>\n[gallery columns=\"5\" link=\"file\" ids=\"2640,2636,2639,2637,2638\"]","_et_gb_content_width":"","footnotes":""},"categories":[68],"class_list":["post-2590","post","type-post","status-publish","format-standard","has-post-thumbnail","hentry","category-val-de-loire"],"_links":{"self":[{"href":"https:\/\/www.studio.eklozia.fr\/lydiesevade\/wp-json\/wp\/v2\/posts\/2590","targetHints":{"allow":["GET"]}}],"collection":[{"href":"https:\/\/www.studio.eklozia.fr\/lydiesevade\/wp-json\/wp\/v2\/posts"}],"about":[{"href":"https:\/\/www.studio.eklozia.fr\/lydiesevade\/wp-json\/wp\/v2\/types\/post"}],"author":[{"embeddable":true,"href":"https:\/\/www.studio.eklozia.fr\/lydiesevade\/wp-json\/wp\/v2\/users\/1"}],"replies":[{"embeddable":true,"href":"https:\/\/www.studio.eklozia.fr\/lydiesevade\/wp-json\/wp\/v2\/comments?post=2590"}],"version-history":[{"count":1,"href":"https:\/\/www.studio.eklozia.fr\/lydiesevade\/wp-json\/wp\/v2\/posts\/2590\/revisions"}],"predecessor-version":[{"id":391779,"href":"https:\/\/www.studio.eklozia.fr\/lydiesevade\/wp-json\/wp\/v2\/posts\/2590\/revisions\/391779"}],"wp:featuredmedia":[{"embeddable":true,"href":"https:\/\/www.studio.eklozia.fr\/lydiesevade\/wp-json\/"}],"wp:attachment":[{"href":"https:\/\/www.studio.eklozia.fr\/lydiesevade\/wp-json\/wp\/v2\/media?parent=2590"}],"wp:term":[{"taxonomy":"category","embeddable":true,"href":"https:\/\/www.studio.eklozia.fr\/lydiesevade\/wp-json\/wp\/v2\/categories?post=2590"}],"curies":[{"name":"wp","href":"https:\/\/api.w.org\/{rel}","templated":true}]}}