{"id":27140,"date":"2020-03-01T16:06:00","date_gmt":"2020-03-01T15:06:00","guid":{"rendered":"https:\/\/www.lydiesevade.com\/?p=27140"},"modified":"2020-03-01T16:06:00","modified_gmt":"2020-03-01T15:06:00","slug":"trail-croix-dan-poligny-2020","status":"publish","type":"post","link":"https:\/\/www.studio.eklozia.fr\/lydiesevade\/trail-croix-dan-poligny-2020\/","title":{"rendered":"Trail de la Croix du Dan, Poligny (2020)"},"content":{"rendered":"\n<p class=\"chapo\">Cette ann\u00e9e, je vais essayer de tenir ma bonne r\u00e9solution, moi qui n&rsquo;en prends jamais : publier d\u00e8s que possible des petits comptes rendus de mes courses &#8211; s&rsquo;il est possible d&rsquo;en courir bien s\u00fbr&#8230; Nous commen\u00e7ons donc, pour cette double reprise, par le trail de la Croix du Dan, \u00e0 Poligny. Plac\u00e9 le premier jour de mars, ce trail est en effet un bon moyen de se remettre en jambe \u00e0 tous points de vue. C&rsquo;est parti !<\/p>\n\n\n\n<h4 class=\"wp-block-heading\">Si vous ne souhaitez pas tout lire, voici un sommaire :<\/h4>\n\n\n\n<p><a href=\"#1\">Le trail de la Croix du Dan<\/a><br><a href=\"#2\">R\u00e9veil de la marmotte<\/a><br><a href=\"#3\">C&rsquo;est parti !<\/a><br><a href=\"#4\">Montagnes russes<\/a><br><a href=\"#5\">La Croix du Dan<\/a><br><a href=\"#6\">R\u00e9capitulatif<\/a><\/p>\n\n\n\n<p><\/p>\n\n\n\n<p>Avant le printemps et la reprise des choses s\u00e9rieuses c\u00f4t\u00e9 course \u00e0 pied, rien de tel qu&rsquo;un petit trail pour se tester et v\u00e9rifier si la m\u00e9canique n&rsquo;a pas trop rouill\u00e9 cet hiver. Je sais bien s\u00fbr que certains sont d\u00e9j\u00e0 en train de monter en puissance et comptent quelques trails blancs (ou boueux) \u00e0 leur actif depuis la fin du mois de d\u00e9cembre, mais pour ma part,<strong> l&rsquo;hibernation se termine seulement<\/strong> &#8211; malgr\u00e9 la dr\u00f4le de saison que nous venons de vivre.<\/p>\n\n\n\n<p>Les deux courses organis\u00e9es \u00e0 Poligny pr\u00e9sentent donc pas mal d&rsquo;atouts pour une coureuse en qu\u00eate d&rsquo;un peu de motivation avant le printemps &#8211; et je pense que je ne suis pas la seule. <strong>15 ou 27,7&nbsp;km : des distances parfaites<\/strong> pour prendre la temp\u00e9rature. J&rsquo;ai choisi la plus longue, puisque je pr\u00e9vois d&rsquo;\u00e9voluer sur des trails d&rsquo;une trentaine de kilom\u00e8tres cette ann\u00e9e.<\/p>\n\n\n\n<div class=\"wp-block-image\"><figure class=\"aligncenter\"><a href=\"https:\/\/www.lydiesevade.com\/wp-content\/uploads\/2020\/03\/Trail-croix-dan-5.jpg\" rel=\"nofollow noopener\" target=\"_blank\"><img decoding=\"async\" src=\"https:\/\/www.lydiesevade.com\/wp-content\/uploads\/2020\/03\/Trail-croix-dan-5-1024x684.jpg\" alt=\"\" class=\"wp-image-27159\"\/><\/a><figcaption>Eh oui, il va falloir grimper l\u00e0-haut !<\/figcaption><\/figure><\/div>\n\n\n\n<h2 class=\"wp-block-heading\" id=\"1\">Le trail de la Croix du Dan<\/h2>\n\n\n\n<p>Organis\u00e9s \u00e0 Poligny, le <a href=\"https:\/\/courses-pedestres-ejca.com\/trail-de-poligny\/\" target=\"_blank\" rel=\"noopener noreferrer nofollow\">trail de la Croix du Dan<\/a> et sa petite s\u0153ur, la course des \u00c9oliennes, permettent d&rsquo;appr\u00e9cier les paysages autour de cette charmante ville du Jura &#8211; la capitale du Comt\u00e9 ! Les \u00e9oliennes et le village de Chamole, la cul\u00e9e de Vaux (recul\u00e9e de Poligny) et bien s\u00fbr, la Croix du Dan, <strong>une croix en fer forg\u00e9 de 12 m<\/strong> de haut qui surplombe la cit\u00e9 : voici les promesses de la course !<\/p>\n\n\n\n<p>Outre cela, 27 km annonc\u00e9s et un d\u00e9nivel\u00e9 de 1190 m&#8230; du moins th\u00e9oriquement, car beaucoup d&rsquo;entre nous mesureront plut\u00f4t <strong>une distance de 29 km<\/strong> \u00e0 l&rsquo;arriv\u00e9e. Le trac\u00e9 affiche quelques c\u00f4tes et des petites irr\u00e9gularit\u00e9s qui promettent des sentiers plus ou moins techniques. Bref, cela donne envie d&rsquo;aller v\u00e9rifier sur le terrain.<\/p>\n\n\n\n<div class=\"wp-block-image\"><figure class=\"aligncenter\"><a href=\"https:\/\/www.lydiesevade.com\/wp-content\/uploads\/2020\/03\/parcours-trail-croix-dan.jpg\" rel=\"nofollow noopener\" target=\"_blank\"><img decoding=\"async\" src=\"https:\/\/www.lydiesevade.com\/wp-content\/uploads\/2020\/03\/parcours-trail-croix-dan.jpg\" alt=\"\" class=\"wp-image-27164\"\/><\/a><figcaption>Le trac\u00e9 et sa forme de papillon&#8230; ou autre, selon votre imagination !<\/figcaption><\/figure><\/div>\n\n\n\n<div class=\"wp-block-image\"><figure class=\"aligncenter\"><a href=\"https:\/\/www.lydiesevade.com\/wp-content\/uploads\/2020\/03\/denivele-trail-croix-dan.jpg\" rel=\"nofollow noopener\" target=\"_blank\"><img decoding=\"async\" src=\"https:\/\/www.lydiesevade.com\/wp-content\/uploads\/2020\/03\/denivele-trail-croix-dan.jpg\" alt=\"\" class=\"wp-image-27163\"\/><\/a><figcaption>Suffisamment de D+ pour se faire plaisir !<\/figcaption><\/figure><\/div>\n\n\n\n<h2 class=\"wp-block-heading\" id=\"2\">R\u00e9veil de la marmotte<\/h2>\n\n\n\n<p>Les mois de novembre et d\u00e9cembre ont \u00e9t\u00e9 quelque peu compliqu\u00e9s, pas tant c\u00f4t\u00e9 physique que moral. En tout cas, les jambes et la caisse sont toujours l\u00e0 \u00e0 la sortie de l&rsquo;hiver, mais il faut <strong>r\u00e9habituer le corps \u00e0 plus d&rsquo;intensit\u00e9<\/strong>&#8230; et d&rsquo;envie. D&rsquo;o\u00f9 l&rsquo;inscription \u00e0 cette course, afin de m&rsquo;obliger \u00e0 m&rsquo;entra\u00eener mieux.<\/p>\n\n\n\n<p>De fait, j&rsquo;ai r\u00e9introduit des sorties plus ou moins longue entre fin d\u00e9cembre et janvier, entre 15 et 22 km, mais pas forc\u00e9ment les entra\u00eenements sp\u00e9cifiques en c\u00f4te ou les divers fractionn\u00e9s, qu&rsquo;il faut reprendre apr\u00e8s une fin de saison 2019 pass\u00e9e sur la route. Et ne parlons m\u00eame pas du renforcement musculaire, du gainage, du v\u00e9lo&#8230; sans compter la raret\u00e9 de la neige qui n&rsquo;aide pas \u00e0 travailler la caisse avec un autre sport. Bref, cet objectif contribue \u00e0 la <strong>remise en forme g\u00e9n\u00e9rale<\/strong> \u00e0 partir de la fin du mois de janvier.<\/p>\n\n\n\n<figure class=\"wp-block-image size-large\"><img decoding=\"async\" src=\"https:\/\/www.lydiesevade.com\/wp-content\/uploads\/2020\/03\/Trail-croix-dan-8-1024x768.jpg\" alt=\"Place de d\u00e9part et arriv\u00e9e d'un trail\" class=\"wp-image-27162\"\/><figcaption>Le d\u00e9part \/ arriv\u00e9e du trail<\/figcaption><\/figure>\n\n\n\n<h2 class=\"wp-block-heading\" id=\"3\">C&rsquo;est parti !<\/h2>\n\n\n\n<p>\u00c0 Poligny, le jour J, le d\u00e9part est donn\u00e9 sur la place principale de la ville. Chacun s&rsquo;approche de l&rsquo;arche et suite aux discours inauguraux&#8230; la course est lanc\u00e9e sans que l&rsquo;on s&rsquo;en rende vraiment compte, ni que l&rsquo;on entende le starter ! Qu&rsquo;\u00e0 cela ne tienne, nous ent\u00e2mons la boucle d&rsquo;un peu plus d&rsquo;<strong>1,5 km pr\u00e9vue \u00e0 travers la ville<\/strong>, permettant d&rsquo;allonger le peloton avant les premi\u00e8res mont\u00e9es. Comme toujours en pareil cas, la course part trop vite, prix \u00e0 payer pour ne pas se retrouver rapidement coinc\u00e9.<\/p>\n\n\n\n<p>Une premi\u00e8re pente (entre 15 et 20 %) menant au Rocher du P\u00e9nitent, laisse place \u00e0 un chemin en balcon avec une vue sur les environs, avant de poursuivre une mont\u00e9e qui dure jusqu&rsquo;au 8<sup>e<\/sup> kilom\u00e8tre. Puis, deux kilom\u00e8tres de chemins et de faux plats m\u00e8nent tranquillement <strong>jusqu&rsquo;aux \u00e9oliennes qui donnent leur nom \u00e0 la course<\/strong>. C&rsquo;est bien s\u00fbr le moment de relancer, avant la descente qui s&rsquo;annonce.<\/p>\n\n\n\n<figure class=\"wp-block-image size-large\"><img decoding=\"async\" src=\"https:\/\/www.lydiesevade.com\/wp-content\/uploads\/2020\/03\/Trail-croix-dan-2-1024x768.jpg\" alt=\"Les \u00e9oliennes de Chamole\" class=\"wp-image-27156\"\/><figcaption>On arrive au parc \u00e9olien de Chamole<\/figcaption><\/figure>\n\n\n\n<h2 class=\"wp-block-heading\" id=\"4\">Montagnes russes<\/h2>\n\n\n\n<p>Le trac\u00e9 est ensuite globalement descendant, avant une petite <strong>remont\u00e9e vers Chamole<\/strong>, \u00e0 mi-course. L\u00e0, je vois des coureurs me d\u00e9passer rapidement et me demande ce qui leur prend d&rsquo;acc\u00e9l\u00e9rer ainsi&#8230; avant de r\u00e9aliser que ce sont tout simplement les premiers de la course des \u00c9oliennes qui d\u00e9boulent \u00e0 toute allure.<\/p>\n\n\n\n<figure class=\"wp-block-image size-large\"><img decoding=\"async\" src=\"https:\/\/www.lydiesevade.com\/wp-content\/uploads\/2020\/03\/Trail-croix-dan-6-1024x768.jpg\" alt=\"Chemin sur les hauteurs de Poligny\" class=\"wp-image-27160\"\/><figcaption>Un peu de r\u00e9pit sur les chemins<\/figcaption><\/figure>\n\n\n\n<p>La descente se poursuit ensuite jusqu&rsquo;au 16<sup>e<\/sup> kilom\u00e8tre, avant d&rsquo;ent\u00e2mer une remont\u00e9e par Vaux-sur-Poligny et de <strong>faire le tour de la cul\u00e9e de Vaux<\/strong> : globalement montant jusqu&rsquo;au 20<sup>e<\/sup> kilom\u00e8tre, ce passage de la course se termine par une descente rapide d&rsquo;un kilom\u00e8tre. Le tour de la cul\u00e9e est un peu plus technique (dans mes souvenirs), ce qui me ralentit pas mal et marque un petit passage \u00e0 vide &#8211; comme \u00e0 mon habitude, pour ceux qui me connaissent un peu&#8230;<\/p>\n\n\n\n<h2 class=\"wp-block-heading\" id=\"5\">La Croix du Dan<\/h2>\n\n\n\n<p>Pas le temps de se reposer, un nouveau kilom\u00e8tre de mont\u00e9e (10 \u00e0 25%) nous attend pour parvenir \u00e0 la fameuse <strong>Croix du Dan, et sa vue sur Poligny<\/strong> ! Avant de relancer sur un parcours vallonn\u00e9 qui fait le tour des hauteurs de la ville, puis redescend sur les derniers kilom\u00e8tres &#8211; dont 500 m\u00e8tres seulement en ville, pour atteindre l&rsquo;arriv\u00e9e.<\/p>\n\n\n\n<figure class=\"wp-block-image size-large\"><img decoding=\"async\" src=\"https:\/\/www.lydiesevade.com\/wp-content\/uploads\/2020\/03\/Trail-croix-dan-3-1024x768.jpg\" alt=\"La Croix du Dan, poligny\" class=\"wp-image-27157\"\/><figcaption>La fameuse Croix du Dan<\/figcaption><\/figure>\n\n\n\n<p>Comme d&rsquo;habitude (encore), ce genre de passages n&rsquo;est pas mon fort, m\u00eame si j&rsquo;ai repris du poil de la b\u00eate. <strong>Je termine donc sans mauvaises sensations<\/strong>, mais avec le regret du temps perdu dans les sentiers techniques.<\/p>\n\n\n\n<figure class=\"wp-block-image size-large\"><img decoding=\"async\" src=\"https:\/\/www.lydiesevade.com\/wp-content\/uploads\/2020\/03\/Trail-croix-dan-4-1024x768.jpg\" alt=\"Vue sur la ville de Poligny\" class=\"wp-image-27158\"\/><figcaption>De jolies vues au programme<\/figcaption><\/figure>\n\n\n\n<h2 class=\"wp-block-heading\" id=\"6\">R\u00e9capitulatif<\/h2>\n\n\n\n<p>Un bon trail pour d\u00e9buter la saison et <strong>exercer sa polyvalence<\/strong>, entre mont\u00e9es, relances, course et quelques passages techniques. \u00c7a a \u00e9t\u00e9 aussi un plaisir de retrouver plusieurs traileurs \u00e0 l&rsquo;arriv\u00e9e et de partager un bon moment&#8230; avant la longue interruption qui nous a frapp\u00e9s ensuite. Et puis, j&rsquo;aurai au moins pu glaner un conseil de la meilleure coureuse du jour : pour gagner une course, le secret, c&rsquo;est de d\u00e9jeuner avec seulement une pomme le matin !<\/p>\n\n\n\n<figure class=\"wp-block-image size-large\"><img decoding=\"async\" src=\"https:\/\/www.lydiesevade.com\/wp-content\/uploads\/2020\/03\/Trail-croix-dan-1-1024x768.jpg\" alt=\"\u00c0 l'arriv\u00e9e du trail de Poligny\" class=\"wp-image-27155\"\/><figcaption>\u00c0 l&rsquo;arriv\u00e9e du trail de Poligny<\/figcaption><\/figure>\n","protected":false},"excerpt":{"rendered":"<p>Cette ann\u00e9e, je vais essayer de tenir ma bonne r\u00e9solution, moi qui n&rsquo;en prends jamais : publier d\u00e8s que possible des petits comptes rendus de mes courses &#8211; s&rsquo;il est possible d&rsquo;en courir bien s\u00fbr&#8230; Nous commen\u00e7ons donc, pour cette double reprise, par le trail de la Croix du Dan, \u00e0 Poligny. Plac\u00e9 le premier [&hellip;]<\/p>\n","protected":false},"author":1,"featured_media":27156,"comment_status":"open","ping_status":"open","sticky":false,"template":"","format":"standard","meta":{"_et_pb_use_builder":"","_et_pb_old_content":"","_et_gb_content_width":"","footnotes":""},"categories":[64],"class_list":["post-27140","post","type-post","status-publish","format-standard","has-post-thumbnail","hentry","category-dans-mes-baskets"],"_links":{"self":[{"href":"https:\/\/www.studio.eklozia.fr\/lydiesevade\/wp-json\/wp\/v2\/posts\/27140","targetHints":{"allow":["GET"]}}],"collection":[{"href":"https:\/\/www.studio.eklozia.fr\/lydiesevade\/wp-json\/wp\/v2\/posts"}],"about":[{"href":"https:\/\/www.studio.eklozia.fr\/lydiesevade\/wp-json\/wp\/v2\/types\/post"}],"author":[{"embeddable":true,"href":"https:\/\/www.studio.eklozia.fr\/lydiesevade\/wp-json\/wp\/v2\/users\/1"}],"replies":[{"embeddable":true,"href":"https:\/\/www.studio.eklozia.fr\/lydiesevade\/wp-json\/wp\/v2\/comments?post=27140"}],"version-history":[{"count":0,"href":"https:\/\/www.studio.eklozia.fr\/lydiesevade\/wp-json\/wp\/v2\/posts\/27140\/revisions"}],"wp:featuredmedia":[{"embeddable":true,"href":"https:\/\/www.studio.eklozia.fr\/lydiesevade\/wp-json\/"}],"wp:attachment":[{"href":"https:\/\/www.studio.eklozia.fr\/lydiesevade\/wp-json\/wp\/v2\/media?parent=27140"}],"wp:term":[{"taxonomy":"category","embeddable":true,"href":"https:\/\/www.studio.eklozia.fr\/lydiesevade\/wp-json\/wp\/v2\/categories?post=27140"}],"curies":[{"name":"wp","href":"https:\/\/api.w.org\/{rel}","templated":true}]}}