{"id":27278,"date":"2021-03-21T21:10:10","date_gmt":"2021-03-21T20:10:10","guid":{"rendered":"https:\/\/www.lydiesevade.com\/?p=27278"},"modified":"2021-03-21T21:10:10","modified_gmt":"2021-03-21T20:10:10","slug":"bilan-hiver-2020-2021-running","status":"publish","type":"post","link":"https:\/\/www.studio.eklozia.fr\/lydiesevade\/bilan-hiver-2020-2021-running\/","title":{"rendered":"Hiver 2020-2021 : le bilan"},"content":{"rendered":"<p class=\"chapo\">Avec l&rsquo;arriv\u00e9e du printemps, un petit bilan de l&rsquo;hiver 2020-2021 s&rsquo;impose. Cette p\u00e9riode s&rsquo;av\u00e8re de plus en plus compliqu\u00e9e \u00e0 n\u00e9gocier depuis quelques ann\u00e9es, m\u00eame si de sympathiques nouveaut\u00e9s se sont aussi invit\u00e9es. C&rsquo;est parti !<\/p>\n<h3>Une pause bien m\u00e9rit\u00e9e<\/h3>\n<p>L&rsquo;automne sportif 2020 s&rsquo;est termin\u00e9 assez t\u00f4t pour moi avec le 50km du Trail des Forts &#8211; le 11 octobre. Une course pas du tout pr\u00e9vue au programme &#8211; le passage au 50km en trail ne devait se faire qu&rsquo;en 2021 &#8211; mais pour laquelle j&rsquo;\u00e9tais finalement pr\u00eate. Apr\u00e8s ce trail, hors de question de repartir dans une pr\u00e9paration pour une hypoth\u00e9tique course (surtout dans le contexte que vous savez) : c&rsquo;\u00e9tait plut\u00f4t <strong>l&rsquo;heure de la coupure annuelle<\/strong> !<\/p>\n<p>Il faut dire que j&rsquo;en avais bien besoin, avec une fatigue qui allait croissante en septembre puis octobre : rien de plus normal, j&rsquo;aurais d\u00fb pr\u00e9parer seulement deux courses en cette saison (un semi et un marathon) apr\u00e8s une petite coupure en juillet. En pratique, rien de tout cela ne s&rsquo;est produit en raison du chamboulement covidien : j&rsquo;ai fait du trail en montagne pendant les vacances et encha\u00een\u00e9 <strong>4 courses en rentrant<\/strong>, \u00e0 une p\u00e9riode de l&rsquo;ann\u00e9e tr\u00e8s charg\u00e9e professionnellement.<\/p>\n<div id=\"attachment_27282\" style=\"width: 930px\" class=\"wp-caption aligncenter\"><a href=\"https:\/\/www.lydiesevade.com\/wp-content\/uploads\/2021\/03\/bilan-arrivee-trail-forts.jpg\" rel=\"nofollow noopener\" target=\"_blank\"><img decoding=\"async\" aria-describedby=\"caption-attachment-27282\" class=\"size-full wp-image-27282\" src=\"https:\/\/www.lydiesevade.com\/wp-content\/uploads\/2021\/03\/bilan-arrivee-trail-forts.jpg\" alt=\"Traileuse trail des forts 2020\" width=\"920\" height=\"690\" \/><\/a><p id=\"caption-attachment-27282\" class=\"wp-caption-text\">Contente mais fatigu\u00e9e \u00e0 l&rsquo;arriv\u00e9e du Trail des Forts 2020.<\/p><\/div>\n<h3>Une histoire de chiffres<\/h3>\n<p>Apr\u00e8s trois semaines de pause totale de course \u00e0 pied, ponctu\u00e9e d&rsquo;un petit peu d&rsquo;activit\u00e9 (marche, v\u00e9lo, renfo, yoga&#8230;), j&rsquo;ai repris la course en novembre, ainsi que des marches matinales de plus en plus longues, avec <strong>notre petite Rh\u00e9a fra\u00eechement arriv\u00e9e \u00e0 la maison<\/strong>.<\/p>\n<p>En examinant mes statistiques annuelles, je me suis aper\u00e7ue qu&rsquo;en for\u00e7ant un peu, je pouvais <strong>atteindre les 1500km de course \u00e0 pied en 2020<\/strong>. Pour beaucoup de traileurs, cela semble peu. N\u00e9anmoins, ayant d\u00e9but\u00e9 le trail au printemps 2018 et comptant conserver une progression mesur\u00e9e, avec 3 entra\u00eenements de course seulement par semaine, le chiffre me plaisait bien.<\/p>\n<div id=\"attachment_27285\" style=\"width: 930px\" class=\"wp-caption aligncenter\"><a href=\"https:\/\/www.lydiesevade.com\/wp-content\/uploads\/2021\/03\/bilan-rhea-beauceron.jpg\" rel=\"nofollow noopener\" target=\"_blank\"><img decoding=\"async\" aria-describedby=\"caption-attachment-27285\" class=\"wp-image-27285 size-full\" src=\"https:\/\/www.lydiesevade.com\/wp-content\/uploads\/2021\/03\/bilan-rhea-beauceron.jpg\" alt=\"Chiot beauceron dans l'herbe\" width=\"920\" height=\"691\" \/><\/a><p id=\"caption-attachment-27285\" class=\"wp-caption-text\">Forc\u00e9ment, avec Rh\u00e9a, on n&rsquo;allait pas tr\u00e8s vite au d\u00e9but !<\/p><\/div>\n<h3>Un mois de d\u00e9cembre bien rempli<\/h3>\n<p>Me voici donc partie, apr\u00e8s trois semaines de reprise, dans des calculs pour parvenir aux fameux 1500km avant le 31 d\u00e9cembre. Petit \u00ab\u00a0probl\u00e8me\u00a0\u00bb qui n&rsquo;en est normalement pas un : <strong>la neige a point\u00e9 le bout de son nez<\/strong> et j&rsquo;ai pu me rendre sur les pistes assez t\u00f4t dans le cadre professionnel. Une tr\u00e8s bonne id\u00e9e que d&rsquo;ajouter du ski de fond \u00e0 des sorties longues de course \u00e0 pied de 15 \u00e0 23km !<\/p>\n<p>J&rsquo;ai donc termin\u00e9 ce mois de d\u00e9cembre sur les rotules, mais en passant ce fameux <strong>cap des 1500km<\/strong> (et pas un de plus !) avec 30787m de d\u00e9nivel\u00e9 positif. Je ne sais pas si je recommencerai cette ann\u00e9e : je pr\u00e9f\u00e8re me concentrer sur la qualit\u00e9 des sorties, tout en conservant trois s\u00e9ances de course, accompagn\u00e9es de deux s\u00e9ances de v\u00e9lo (ou de ski de fond&#8230; et d&rsquo;un peu de natation quand cela sera possible).<\/p>\n<div id=\"attachment_27280\" style=\"width: 930px\" class=\"wp-caption aligncenter\"><a href=\"https:\/\/www.lydiesevade.com\/wp-content\/uploads\/2021\/03\/bilan-1500-km.jpg\" rel=\"nofollow noopener\" target=\"_blank\"><img decoding=\"async\" aria-describedby=\"caption-attachment-27280\" class=\"size-full wp-image-27280\" src=\"https:\/\/www.lydiesevade.com\/wp-content\/uploads\/2021\/03\/bilan-1500-km.jpg\" alt=\"Coureuse souriante\" width=\"920\" height=\"690\" \/><\/a><p id=\"caption-attachment-27280\" class=\"wp-caption-text\">Contente mais cram\u00e9e !<\/p><\/div>\n<h3>Un janvier fa\u00e7on boomerang<\/h3>\n<p>Le retour de b\u00e2ton est d&rsquo;ailleurs arriv\u00e9 en janvier : j&rsquo;ai poursuivi le ski de fond, mais me suis arr\u00eat\u00e9e de courir pendant 19 jours (avec juste une tentative de reprise au milieu), soit une seconde coupure un mois et demi apr\u00e8s la premi\u00e8re. Ce qui n&rsquo;\u00e9tait ni au programme ni une bonne id\u00e9e du point de vue de l&rsquo;entra\u00eenement. Cependant, ni le moral ni le physique n&rsquo;y \u00e9taient : depuis quelques ann\u00e9es, <strong>la d\u00e9prime hivernale (inconnue au bataillon jusqu&rsquo;ici) s&rsquo;installe<\/strong> et, malgr\u00e9 le sport, me mine \u00e0 partir du mois de novembre.<\/p>\n<p>Heureusement, j&rsquo;ai pu profiter des pistes de ski de fond, dans un style classique aussi approximatif que bienfaisant pour l&rsquo;esprit. De l&rsquo;endurance tranquille, au milieu des beaux paysages jurassiens. L&rsquo;id\u00e9al pour le cardio et la t\u00eate. En th\u00e9orie, c&rsquo;est aussi une bonne pratique compl\u00e9mentaire \u00e0 la course \u00e0 pied, si l&rsquo;on y met un peu plus d&rsquo;intensit\u00e9 ou de temps. Ma seule vraie sortie longue fut un <strong>25km pour la e-Transju&rsquo; \u00e0 la mi-f\u00e9vrier<\/strong> &#8211; un challenge sportif organis\u00e9 par l&rsquo;\u00e9quipe de la Transjurassienne. 2h50 de plaisir qui m&rsquo;ont fait regretter de n&rsquo;avoir pas tent\u00e9 des parcours de ski plus longs.<\/p>\n<div id=\"attachment_27286\" style=\"width: 930px\" class=\"wp-caption aligncenter\"><a href=\"https:\/\/www.lydiesevade.com\/wp-content\/uploads\/2021\/03\/bilan-ski-de-fond.jpg\" rel=\"nofollow noopener\" target=\"_blank\"><img decoding=\"async\" aria-describedby=\"caption-attachment-27286\" class=\"size-full wp-image-27286\" src=\"https:\/\/www.lydiesevade.com\/wp-content\/uploads\/2021\/03\/bilan-ski-de-fond.jpg\" alt=\"Paysage enneig\u00e9 du Jura\" width=\"920\" height=\"690\" \/><\/a><p id=\"caption-attachment-27286\" class=\"wp-caption-text\">On n&rsquo;est pas bien dans les Montagnes du Jura ?<\/p><\/div>\n<p>La neige a malheureusement fondu peu apr\u00e8s et le retour de l&rsquo;hiver en ce mois de mars ne me donne pas tr\u00e8s envie de m&rsquo;y remettre pour quelques jours ou semaines, car <strong>l&rsquo;heure de la (vraie) reprise a enfin sonn\u00e9 !<\/strong><\/p>\n<h3>Gainage et \u00e9tirements d&rsquo;abord !<\/h3>\n<p>Elle aurait d\u00fb s&rsquo;\u00e9taler sur novembre et d\u00e9cembre, mais je l&rsquo;ai d\u00e9but\u00e9e \u00e0 la mi-janvier : ma seconde reprise de la saison a \u00e9t\u00e9 men\u00e9e avec plus de m\u00e9thode. J&rsquo;ai commenc\u00e9 par int\u00e9grer des <strong>exercices de gainage et de renforcement musculaire l\u00e9ger<\/strong> \u00e0 ma routine, sous forme de yoga et de pilates. Puis j&rsquo;ai repris les \u00e9tirements et la relaxation le soir, ainsi que la musculation \u00e0 raison d&rsquo;une fois par semaine.<\/p>\n<p>Cette routine renfo-\u00e9tirements, je m&rsquo;efforce de la mettre en place pas \u00e0-coups depuis quelques ann\u00e9es, d&rsquo;abord afin d&rsquo;all\u00e9ger mes tensions et blocages dans le cou et le haut du dos, ensuite pour pr\u00e9venir les blessures en course \u00e0 pied. Mais impossible de la maintenir en \u00e9t\u00e9 et en automne. J&rsquo;ai donc d\u00e9cid\u00e9 de proc\u00e9der autrement cette ann\u00e9e &#8211; j&rsquo;y reviendrai peut-\u00eatre dans un prochain article &#8211; et cela semble bien fonctionner depuis deux mois. Reste \u00e0 s&rsquo;y tenir.<\/p>\n<div id=\"attachment_27283\" style=\"width: 930px\" class=\"wp-caption aligncenter\"><a href=\"https:\/\/www.lydiesevade.com\/wp-content\/uploads\/2021\/03\/bilan-etirements.jpg\" rel=\"nofollow noopener\" target=\"_blank\"><img decoding=\"async\" aria-describedby=\"caption-attachment-27283\" class=\"size-full wp-image-27283\" src=\"https:\/\/www.lydiesevade.com\/wp-content\/uploads\/2021\/03\/bilan-etirements.jpg\" alt=\"\u00c9tirements avec chien\" width=\"920\" height=\"690\" \/><\/a><p id=\"caption-attachment-27283\" class=\"wp-caption-text\">Pas toujours faciles, les \u00e9tirements !<\/p><\/div>\n<h3>Le retour de la reprise<\/h3>\n<p>En parall\u00e8le, j&rsquo;ai recommenc\u00e9 \u00e0 courir, principalement en endurance. Je n&rsquo;ai r\u00e9introduit des s\u00e9ances plus intensives &#8211; c\u00f4tes et \u00ab\u00a0fractionn\u00e9s\u00a0\u00bb longs &#8211; que depuis deux \u00e0 trois semaines. Deux petites douleurs au pied et aux ischios ont point\u00e9 le bout de leur nez, en raison sans doute d&rsquo;un arr\u00eat trop long, ce qui m&rsquo;a conduit \u00e0 <strong>reprendre tr\u00e8s doucement<\/strong>. Je n&rsquo;ai d&rsquo;ailleurs toujours pas tent\u00e9 de sortie longue, mais cela ne saurait tarder.<\/p>\n<p>J&rsquo;y ai ajout\u00e9 du <strong>v\u00e9lo, principalement en gravel<\/strong> &#8211; je n&rsquo;ai absolument pas le courage de p\u00e9daler face au vent et dans le froid sur la route ! Des sorties un peu plus \u00e9nergivores qu&rsquo;en ski de fond mais toujours moins qu&rsquo;en courant, qui renforcent mon endurance tout en m&rsquo;a\u00e9rant l&rsquo;esprit. Une belle d\u00e9couverte que j&rsquo;ai faite en 2020 et que je compte bien approfondir cette ann\u00e9e.<\/p>\n<div id=\"attachment_27284\" style=\"width: 930px\" class=\"wp-caption aligncenter\"><a href=\"https:\/\/www.lydiesevade.com\/wp-content\/uploads\/2021\/03\/bilan-gravel.jpg\" rel=\"nofollow noopener\" target=\"_blank\"><img decoding=\"async\" aria-describedby=\"caption-attachment-27284\" class=\"wp-image-27284 size-full\" src=\"https:\/\/www.lydiesevade.com\/wp-content\/uploads\/2021\/03\/bilan-gravel.jpg\" alt=\"Femme \u00e0 v\u00e9lo\" width=\"920\" height=\"690\" \/><\/a><p id=\"caption-attachment-27284\" class=\"wp-caption-text\">P\u00e9daler, c&rsquo;est bien aussi.<\/p><\/div>\n<h3>R\u00e9capitulatif<\/h3>\n<p>Quand on dit qu&rsquo;<strong>il faut s&rsquo;\u00e9couter<\/strong>, ce n&rsquo;est ni une vue de l&rsquo;esprit ni un conseil bidon de d\u00e9veloppement personnel : c&rsquo;est vrai. Encore plus en sport. Encore plus lorsqu&rsquo;on est un travailleur ind\u00e9pendant en plein dans son temps fort de l&rsquo;ann\u00e9e.<\/p>\n<p>J&rsquo;ignore encore comment, mais il faudra que je tente d&rsquo;approcher l&rsquo;hiver 2021-2022 autrement. Bien s\u00fbr, je ne ma\u00eetrise pas les al\u00e9as &#8211; \u00e0 commencer par les virus et la m\u00e9t\u00e9o. Pour le reste, il va me falloir int\u00e9grer le fait que <strong>je deviens une marmotte<\/strong> et que, si le temps le permet, le ski de fond se suffit \u00e0 lui m\u00eame, accompagn\u00e9 de renforcement et de yoga. Quitte \u00e0 diff\u00e9rer le retour des baskets et reprendre les courses en avril &#8211; si si, j&rsquo;y crois pour 2022 !<\/p>\n<p>Et vous, comment s&rsquo;est pass\u00e9 votre hiver sportif ?<\/p>\n","protected":false},"excerpt":{"rendered":"<p>Avec l&rsquo;arriv\u00e9e du printemps, un petit bilan de l&rsquo;hiver 2020-2021 s&rsquo;impose. Cette p\u00e9riode s&rsquo;av\u00e8re de plus en plus compliqu\u00e9e \u00e0 n\u00e9gocier depuis quelques ann\u00e9es, m\u00eame si de sympathiques nouveaut\u00e9s se sont aussi invit\u00e9es. C&rsquo;est parti !<\/p>\n","protected":false},"author":1,"featured_media":27281,"comment_status":"open","ping_status":"open","sticky":false,"template":"","format":"standard","meta":{"_et_pb_use_builder":"","_et_pb_old_content":"","_et_gb_content_width":"","footnotes":""},"categories":[64],"class_list":["post-27278","post","type-post","status-publish","format-standard","has-post-thumbnail","hentry","category-dans-mes-baskets"],"_links":{"self":[{"href":"https:\/\/www.studio.eklozia.fr\/lydiesevade\/wp-json\/wp\/v2\/posts\/27278","targetHints":{"allow":["GET"]}}],"collection":[{"href":"https:\/\/www.studio.eklozia.fr\/lydiesevade\/wp-json\/wp\/v2\/posts"}],"about":[{"href":"https:\/\/www.studio.eklozia.fr\/lydiesevade\/wp-json\/wp\/v2\/types\/post"}],"author":[{"embeddable":true,"href":"https:\/\/www.studio.eklozia.fr\/lydiesevade\/wp-json\/wp\/v2\/users\/1"}],"replies":[{"embeddable":true,"href":"https:\/\/www.studio.eklozia.fr\/lydiesevade\/wp-json\/wp\/v2\/comments?post=27278"}],"version-history":[{"count":0,"href":"https:\/\/www.studio.eklozia.fr\/lydiesevade\/wp-json\/wp\/v2\/posts\/27278\/revisions"}],"wp:featuredmedia":[{"embeddable":true,"href":"https:\/\/www.studio.eklozia.fr\/lydiesevade\/wp-json\/"}],"wp:attachment":[{"href":"https:\/\/www.studio.eklozia.fr\/lydiesevade\/wp-json\/wp\/v2\/media?parent=27278"}],"wp:term":[{"taxonomy":"category","embeddable":true,"href":"https:\/\/www.studio.eklozia.fr\/lydiesevade\/wp-json\/wp\/v2\/categories?post=27278"}],"curies":[{"name":"wp","href":"https:\/\/api.w.org\/{rel}","templated":true}]}}