{"id":2743,"date":"2010-07-22T22:59:08","date_gmt":"2010-07-22T21:59:08","guid":{"rendered":"http:\/\/blog.lydie-boffy.net\/?p=2743"},"modified":"2025-08-18T17:14:39","modified_gmt":"2025-08-18T17:14:39","slug":"le-palais-brera","status":"publish","type":"post","link":"https:\/\/www.studio.eklozia.fr\/lydiesevade\/le-palais-brera\/","title":{"rendered":"Le palais Brera"},"content":{"rendered":"<p style=\"text-align: justify;\">Nous nous sommes rendus \u00e0 l&rsquo;un des palais les plus connus de Milan, le palais Brera. Il s&rsquo;agit d&rsquo;une ancienne universit\u00e9 j\u00e9suite, dont la construction est achev\u00e9e au XVIIIe si\u00e8cle. A cette \u00e9poque, apr\u00e8s l&rsquo;abolition de l&rsquo;ordre (par le pape en 1773), le palais est r\u00e9cup\u00e9r\u00e9 par les Habsbourg d&rsquo;Autriche. Marie-Th\u00e9r\u00e8se y instaure alors l&rsquo;Acad\u00e9mie des Beaux-Arts, fait construire une biblioth\u00e8que et fait \u00e9largir le jardin botanique. A l&rsquo;\u00e9poque napol\u00e9onienne, la Pinacoth\u00e8que est cr\u00e9\u00e9e, et la collection des oeuvres d&rsquo;art par ce mus\u00e9e commence. Aujourd&rsquo;hui, toutes les institutions pr\u00e9cit\u00e9es existent encore. D&rsquo;ailleurs, chacune manque de place et aimerait s&rsquo;\u00e9tendre. La Pinacoth\u00e8que Brera ne peut ainsi exposer tous ses tr\u00e9sors. L&rsquo;entr\u00e9e dans ce mus\u00e9e se fait par celle du palais. Au centre de la cour, tr\u00e8s \u00e9l\u00e9gante, tr\u00f4ne une statue de notre toujours modeste Napol\u00e9on national, repr\u00e9sent\u00e9 en empereur romain \u00e0 demi-nu (l&rsquo;oeuvre est tout de m\u00eame de Canova).<\/p>\n<div class=\"et_pb_slider et_pb_slider_fullwidth_off et_pb_gallery_post_type\">\n\t\t\t\t<div class=\"et_pb_slides\">\n\t\t\t\t\t<div class=\"et_pb_slide\" style=\"background: url(https:\/\/www.studio.eklozia.fr\/lydiesevade\/wp-content\/uploads\/2015\/03\/brera-palais-ext4.jpg);\"><\/div><div class=\"et_pb_slide\" style=\"background: url(https:\/\/www.studio.eklozia.fr\/lydiesevade\/wp-content\/uploads\/2015\/03\/brera-palais-ext2.jpg);\"><\/div><div class=\"et_pb_slide\" style=\"background: url(https:\/\/www.studio.eklozia.fr\/lydiesevade\/wp-content\/uploads\/2015\/03\/brera-palais-ext1.jpg);\"><\/div><div class=\"et_pb_slide\" style=\"background: url(https:\/\/www.studio.eklozia.fr\/lydiesevade\/wp-content\/uploads\/2015\/03\/brera-palais-ext5.jpg);\"><\/div><div class=\"et_pb_slide\" style=\"background: url(https:\/\/www.studio.eklozia.fr\/lydiesevade\/wp-content\/uploads\/2015\/03\/brera-palais-ext3.jpg);\"><\/div>\n\t\t\t\t<\/div>\n\t\t\t<\/div>\n<h3 style=\"text-align: justify;\"><strong>La Pinacoth\u00e8que<\/strong><\/h3>\n<p style=\"text-align: justify;\">Ce mus\u00e9e, bien qu&rsquo;il n&rsquo;est pas l&rsquo;un des plus grands par la taille, se r\u00e9v\u00e8le d&rsquo;une consid\u00e9rable richesse, concentre quantit\u00e9s d\u2019\u0153uvres prestigieuses. Les collections comportent plus de 400 \u0153uvres produites entre le XIVe et le XXe si\u00e8cle. \u00c9videmment, les artistes de la Renaissance italienne y sont tr\u00e8s repr\u00e9sent\u00e9s. Je ne vais pas d\u00e9tailler toutes les tableaux que nous avons admir\u00e9s, mais seulement une petite s\u00e9lection.<\/p>\n<p class=\"alignnone wp-image-2752 size-medium\" style=\"text-align: justify;\">Tout d&rsquo;abord, une \u0153uvre majeure d&rsquo;Andrea Mantegna (1431-1506), <em>La lamentation sur le Christ mort<\/em> (v. 1480-1490, tempera sur toile, 68 \u00d7 81 cm). Cette toile se caract\u00e9rise notamment par son cadrage tr\u00e8s resserr\u00e9, la perspective volontairement exag\u00e9r\u00e9e et la froideur qui se d\u00e9gage du corps du Christ. Puis, du m\u00eame artiste, le <em>Retable de saint Luc<\/em> (1453-1454, tempera, 230 x 177 cm), initialement destin\u00e9 \u00e0 la chapelle Saint-Luc de l&rsquo;\u00e9glise Sainte-Justine de Padoue. Au centre est repr\u00e9sent\u00e9 le saint. Les deux d\u00e9tails photographi\u00e9s sont saint Prosdocime et sainte Justine.<\/p>\n<div class=\"et_pb_slider et_pb_slider_fullwidth_off et_pb_gallery_post_type\">\n\t\t\t\t<div class=\"et_pb_slides\">\n\t\t\t\t\t<div class=\"et_pb_slide\" style=\"background: url(https:\/\/www.studio.eklozia.fr\/lydiesevade\/wp-content\/uploads\/2015\/03\/brera-christ-mort.jpg);\"><\/div><div class=\"et_pb_slide\" style=\"background: url(https:\/\/www.studio.eklozia.fr\/lydiesevade\/wp-content\/uploads\/2015\/03\/brera-mantegna1.jpg);\"><\/div><div class=\"et_pb_slide\" style=\"background: url(https:\/\/www.studio.eklozia.fr\/lydiesevade\/wp-content\/uploads\/2015\/03\/brera-mantegna3.jpg);\"><\/div><div class=\"et_pb_slide\" style=\"background: url(https:\/\/www.studio.eklozia.fr\/lydiesevade\/wp-content\/uploads\/2015\/03\/brera-mantegna2.jpg);\"><\/div>\n\t\t\t\t<\/div>\n\t\t\t<\/div>\n<p style=\"text-align: justify;\">La Pinacoth\u00e8que comporte \u00e9galement des tableaux de l&rsquo;un des artistes majeurs de la Renaissance, Rapha\u00ebl (1483-1520). Ci-dessous, le <em>Mariage de la Vierge<\/em> (v.1500-1504, huile sur panneau, 118 x 170 cm). L&rsquo;artiste a r\u00e9alis\u00e9 cette \u0153uvre pour tenter de rivaliser avec son ma\u00eetre, Le P\u00e9rugin, sur le m\u00eame th\u00e8me iconographique.<\/p>\n<p>La <i>Cena in casa di Simone<\/i> (1567-1570, huile sur toile, 275 x 210 cm =&gt; amusant, le mus\u00e9e s&rsquo;est tromp\u00e9 dans les mesures, le tableau fait au minimum 5 \u00e0 6m de large) de Paul V\u00e9ron\u00e8se (1528-1588) est \u00e9galement expos\u00e9e. Faute de recul, je n&rsquo;ai pu prendre le tableau en entier (on rencontre un peu le m\u00eame type de probl\u00e8me que pour les <i>Noces de Cana<\/i> au Louvre !), mais il ne manque que quelques centim\u00e8tres.<\/p>\n<div class=\"et_pb_slider et_pb_slider_fullwidth_off et_pb_gallery_post_type\">\n\t\t\t\t<div class=\"et_pb_slides\">\n\t\t\t\t\t<div class=\"et_pb_slide\" style=\"background: url(https:\/\/www.studio.eklozia.fr\/lydiesevade\/wp-content\/uploads\/2015\/03\/brera-raffaello1.jpg);\"><\/div><div class=\"et_pb_slide\" style=\"background: url(https:\/\/www.studio.eklozia.fr\/lydiesevade\/wp-content\/uploads\/2015\/03\/brera-raffaello2.jpg);\"><\/div><div class=\"et_pb_slide\" style=\"background: url(https:\/\/www.studio.eklozia.fr\/lydiesevade\/wp-content\/uploads\/2015\/03\/brera-veronese2.jpg);\"><\/div><div class=\"et_pb_slide\" style=\"background: url(https:\/\/www.studio.eklozia.fr\/lydiesevade\/wp-content\/uploads\/2015\/03\/brera-veronese1.jpg);\"><\/div>\n\t\t\t\t<\/div>\n\t\t\t<\/div>\n<p>La <i>Conversation sacr\u00e9e<\/i> (1472, huile sur bois de 150 x 248 cm) de Piero della Francesca (v.1420-1492) est conserv\u00e9e au mus\u00e9e. Le commanditaire de l&rsquo;oeuvre (Fr\u00e9d\u00e9ric III de Montefeltre) est repr\u00e9sent\u00e9 \u00e0 genoux devant la Vierge \u00e0 l&rsquo;Enfant. J&rsquo;ai plac\u00e9 ensuite un tableau de Marco d&rsquo;Oggiono (v. 1465-v.1530) que j&rsquo;aime bien, <i>I tre Archangeli<\/i> (1516, huile sur toile, 190 x 255 cm). Enfin, une des r\u00e9v\u00e9lations de l&rsquo;\u00e9t\u00e9 pour Pierrick (!), Canaletto (1697-1768), un artiste v\u00e9nitien qui a repr\u00e9sent\u00e9 de nombreuses fois sa ville. Ci-dessous, la <i>Veduta del bacino di San Marco<\/i>.<\/p>\n<div class=\"et_pb_slider et_pb_slider_fullwidth_off et_pb_gallery_post_type\">\n\t\t\t\t<div class=\"et_pb_slides\">\n\t\t\t\t\t<div class=\"et_pb_slide\" style=\"background: url(https:\/\/www.studio.eklozia.fr\/lydiesevade\/wp-content\/uploads\/2015\/03\/brera-francesca.jpg);\"><\/div><div class=\"et_pb_slide\" style=\"background: url(https:\/\/www.studio.eklozia.fr\/lydiesevade\/wp-content\/uploads\/2015\/03\/brera-oggiono.jpg);\"><\/div><div class=\"et_pb_slide\" style=\"background: url(https:\/\/www.studio.eklozia.fr\/lydiesevade\/wp-content\/uploads\/2015\/03\/brera-canaletto1.jpg);\"><\/div><div class=\"et_pb_slide\" style=\"background: url(https:\/\/www.studio.eklozia.fr\/lydiesevade\/wp-content\/uploads\/2015\/03\/brera-canaletto2.jpg);\"><\/div>\n\t\t\t\t<\/div>\n\t\t\t<\/div>\n<p style=\"text-align: justify;\">Dans le mus\u00e9e, l&rsquo;on peut \u00e9galement admirer le travail des restaurateurs, coup\u00e9s des visiteurs par une vitre &#8211; je ne sais pas vraiment si cette situation est amusante tous les jours&#8230; A deux reprises nous avons aussi aper\u00e7u des tableaux entrepos\u00e9s &#8211; une mani\u00e8re subtile de signifier l&rsquo;urgence des dons afin d&rsquo;agrandir la Pinacoth\u00e8que ?<\/p>\n<div class=\"et_pb_slider et_pb_slider_fullwidth_off et_pb_gallery_post_type\">\n\t\t\t\t<div class=\"et_pb_slides\">\n\t\t\t\t\t<div class=\"et_pb_slide\" style=\"background: url(https:\/\/www.studio.eklozia.fr\/lydiesevade\/wp-content\/uploads\/2015\/03\/brera-entretien2.jpg);\"><\/div><div class=\"et_pb_slide\" style=\"background: url(https:\/\/www.studio.eklozia.fr\/lydiesevade\/wp-content\/uploads\/2015\/03\/brera-entretien1.jpg);\"><\/div>\n\t\t\t\t<\/div>\n\t\t\t<\/div>\n<h3 style=\"text-align: justify;\"><b>Observatoire et jardin botanique<\/b><\/h3>\n<p>En sortant de la Pinacoth\u00e8que, nous avons continu\u00e9 la visite du palais en nous promenant du c\u00f4t\u00e9 du jardin botanique, d&rsquo;o\u00f9 l&rsquo;on peut apercevoir les tours de l&rsquo;Observatoire astronomique.<\/p>\n<div class=\"et_pb_slider et_pb_slider_fullwidth_off et_pb_gallery_post_type\">\n\t\t\t\t<div class=\"et_pb_slides\">\n\t\t\t\t\t<div class=\"et_pb_slide\" style=\"background: url(https:\/\/www.studio.eklozia.fr\/lydiesevade\/wp-content\/uploads\/2015\/03\/brera-ext-jardin2.jpg);\"><\/div><div class=\"et_pb_slide\" style=\"background: url(https:\/\/www.studio.eklozia.fr\/lydiesevade\/wp-content\/uploads\/2015\/03\/brera-ext-jardin1.jpg);\"><\/div>\n\t\t\t\t<\/div>\n\t\t\t<\/div>\n","protected":false},"excerpt":{"rendered":"<p>Nous nous sommes rendus \u00e0 l&rsquo;un des \u00e9difices les plus connus de Milan, le palais Brera. Sa construction est achev\u00e9e au XVIIIe si\u00e8cle et la Pinacoth\u00e8que est fond\u00e9e \u00e0 l&rsquo;\u00e9poque napol\u00e9onienne&#8230;<\/p>\n","protected":false},"author":1,"featured_media":2765,"comment_status":"open","ping_status":"open","sticky":false,"template":"","format":"standard","meta":{"_et_pb_use_builder":"","_et_pb_old_content":"","_et_gb_content_width":"","footnotes":""},"categories":[48,50],"class_list":["post-2743","post","type-post","status-publish","format-standard","has-post-thumbnail","hentry","category-lombardie","category-milan"],"_links":{"self":[{"href":"https:\/\/www.studio.eklozia.fr\/lydiesevade\/wp-json\/wp\/v2\/posts\/2743","targetHints":{"allow":["GET"]}}],"collection":[{"href":"https:\/\/www.studio.eklozia.fr\/lydiesevade\/wp-json\/wp\/v2\/posts"}],"about":[{"href":"https:\/\/www.studio.eklozia.fr\/lydiesevade\/wp-json\/wp\/v2\/types\/post"}],"author":[{"embeddable":true,"href":"https:\/\/www.studio.eklozia.fr\/lydiesevade\/wp-json\/wp\/v2\/users\/1"}],"replies":[{"embeddable":true,"href":"https:\/\/www.studio.eklozia.fr\/lydiesevade\/wp-json\/wp\/v2\/comments?post=2743"}],"version-history":[{"count":1,"href":"https:\/\/www.studio.eklozia.fr\/lydiesevade\/wp-json\/wp\/v2\/posts\/2743\/revisions"}],"predecessor-version":[{"id":391791,"href":"https:\/\/www.studio.eklozia.fr\/lydiesevade\/wp-json\/wp\/v2\/posts\/2743\/revisions\/391791"}],"wp:featuredmedia":[{"embeddable":true,"href":"https:\/\/www.studio.eklozia.fr\/lydiesevade\/wp-json\/wp\/v2\/media\/2765"}],"wp:attachment":[{"href":"https:\/\/www.studio.eklozia.fr\/lydiesevade\/wp-json\/wp\/v2\/media?parent=2743"}],"wp:term":[{"taxonomy":"category","embeddable":true,"href":"https:\/\/www.studio.eklozia.fr\/lydiesevade\/wp-json\/wp\/v2\/categories?post=2743"}],"curies":[{"name":"wp","href":"https:\/\/api.w.org\/{rel}","templated":true}]}}