{"id":2826,"date":"2010-07-22T23:15:57","date_gmt":"2010-07-22T22:15:57","guid":{"rendered":"http:\/\/blog.lydie-boffy.net\/?p=2826"},"modified":"2025-08-18T17:14:39","modified_gmt":"2025-08-18T17:14:39","slug":"eglise-san-marco-a-milan","status":"publish","type":"post","link":"https:\/\/www.studio.eklozia.fr\/lydiesevade\/eglise-san-marco-a-milan\/","title":{"rendered":"Eglise San Marco \u00e0 Milan"},"content":{"rendered":"<p>Notre journ\u00e9e s&rsquo;est achev\u00e9e par la visite de l&rsquo;\u00e9glise San Marco. Sa construction a \u00e9t\u00e9 entam\u00e9e au XIIIe si\u00e8cle. Les chapelles lat\u00e9rales valent vraiment le coup d\u2019\u0153il &#8211; je n&rsquo;en ai s\u00e9lectionn\u00e9 que quelques-unes.<\/p>\n<div class=\"et_pb_slider et_pb_slider_fullwidth_off et_pb_gallery_post_type\">\n\t\t\t\t<div class=\"et_pb_slides\">\n\t\t\t\t\t<div class=\"et_pb_slide\" style=\"background: url(https:\/\/www.studio.eklozia.fr\/lydiesevade\/wp-content\/uploads\/2015\/03\/san-marco-ext3.jpg);\"><\/div><div class=\"et_pb_slide\" style=\"background: url(https:\/\/www.studio.eklozia.fr\/lydiesevade\/wp-content\/uploads\/2015\/03\/san-marco-ext1.jpg);\"><\/div><div class=\"et_pb_slide\" style=\"background: url(https:\/\/www.studio.eklozia.fr\/lydiesevade\/wp-content\/uploads\/2015\/03\/san-marco-ext2.jpg);\"><\/div>\n\t\t\t\t<\/div>\n\t\t\t<\/div>\n<h3 style=\"text-align: justify;\">Int\u00e9rieur<\/h3>\n<p style=\"text-align: justify;\">Le ch\u0153ur et la crois\u00e9e du transept.<\/p>\n<div class=\"et_pb_slider et_pb_slider_fullwidth_off et_pb_gallery_post_type\">\n\t\t\t\t<div class=\"et_pb_slides\">\n\t\t\t\t\t<div class=\"et_pb_slide\" style=\"background: url(https:\/\/www.studio.eklozia.fr\/lydiesevade\/wp-content\/uploads\/2015\/03\/san-marco-int2.jpg);\"><\/div><div class=\"et_pb_slide\" style=\"background: url(https:\/\/www.studio.eklozia.fr\/lydiesevade\/wp-content\/uploads\/2015\/03\/san-marco-int1.jpg);\"><\/div>\n\t\t\t\t<\/div>\n\t\t\t<\/div>\n<h3 style=\"text-align: justify;\">Chapelle Foppa<\/h3>\n<p style=\"text-align: justify;\">Elle est d\u00e9di\u00e9e \u00e0 saint Paul et saint Pierre. Les peintures sont de Paolo Lomazzo (1571).<\/p>\n<div class=\"et_pb_slider et_pb_slider_fullwidth_off et_pb_gallery_post_type\">\n\t\t\t\t<div class=\"et_pb_slides\">\n\t\t\t\t\t<div class=\"et_pb_slide\" style=\"background: url(https:\/\/www.studio.eklozia.fr\/lydiesevade\/wp-content\/uploads\/2015\/03\/san-marco-foppa1.jpg);\"><\/div><div class=\"et_pb_slide\" style=\"background: url(https:\/\/www.studio.eklozia.fr\/lydiesevade\/wp-content\/uploads\/2015\/03\/san-marco-foppa3.jpg);\"><\/div><div class=\"et_pb_slide\" style=\"background: url(https:\/\/www.studio.eklozia.fr\/lydiesevade\/wp-content\/uploads\/2015\/03\/san-marco-foppa2.jpg);\"><\/div>\n\t\t\t\t<\/div>\n\t\t\t<\/div>\n<h3 style=\"text-align: justify;\">Chapelle de la Madonne \u00e0 la ceinture<\/h3>\n<div class=\"et_pb_slider et_pb_slider_fullwidth_off et_pb_gallery_post_type\">\n\t\t\t\t<div class=\"et_pb_slides\">\n\t\t\t\t\t<div class=\"et_pb_slide\" style=\"background: url(https:\/\/www.studio.eklozia.fr\/lydiesevade\/wp-content\/uploads\/2015\/03\/san-marco-madonne1.jpg);\"><\/div><div class=\"et_pb_slide\" style=\"background: url(https:\/\/www.studio.eklozia.fr\/lydiesevade\/wp-content\/uploads\/2015\/03\/san-marco-madonne4.jpg);\"><\/div><div class=\"et_pb_slide\" style=\"background: url(https:\/\/www.studio.eklozia.fr\/lydiesevade\/wp-content\/uploads\/2015\/03\/san-marco-madonne2.jpg);\"><\/div><div class=\"et_pb_slide\" style=\"background: url(https:\/\/www.studio.eklozia.fr\/lydiesevade\/wp-content\/uploads\/2015\/03\/san-marco-madonne3.jpg);\"><\/div>\n\t\t\t\t<\/div>\n\t\t\t<\/div>\n<h3 style=\"text-align: justify;\">Chapelle <i>Crocifisso<\/i><\/h3>\n<p style=\"text-align: justify;\">Elle a \u00e9t\u00e9 \u00e9difi\u00e9e dans la seconde moiti\u00e9 du XVIe si\u00e8cle. Le tableau ci-dessous, expos\u00e9 dans la chapelle, est <i>L&rsquo;adoration de la Croix<\/i> de Gatelli (1937).<\/p>\n<div class=\"et_pb_slider et_pb_slider_fullwidth_off et_pb_gallery_post_type\">\n\t\t\t\t<div class=\"et_pb_slides\">\n\t\t\t\t\t<div class=\"et_pb_slide\" style=\"background: url(https:\/\/www.studio.eklozia.fr\/lydiesevade\/wp-content\/uploads\/2015\/03\/san-marco-crocifisso2.jpg);\"><\/div><div class=\"et_pb_slide\" style=\"background: url(https:\/\/www.studio.eklozia.fr\/lydiesevade\/wp-content\/uploads\/2015\/03\/san-marco-crocifisso1.jpg);\"><\/div>\n\t\t\t\t<\/div>\n\t\t\t<\/div>\n","protected":false},"excerpt":{"rendered":"<p>Notre journ\u00e9e s&rsquo;est achev\u00e9e par la visite de l&rsquo;\u00e9glise San Marco. Sa construction a \u00e9t\u00e9 entam\u00e9e au XIIIe si\u00e8cle. Les chapelles lat\u00e9rales valent vraiment le coup d\u2019\u0153il &#8211; je n&rsquo;en ai s\u00e9lectionn\u00e9 que quelques-unes&#8230;<\/p>\n","protected":false},"author":1,"featured_media":2776,"comment_status":"open","ping_status":"open","sticky":false,"template":"","format":"standard","meta":{"_et_pb_use_builder":"","_et_pb_old_content":"","_et_gb_content_width":"","footnotes":""},"categories":[48,50],"class_list":["post-2826","post","type-post","status-publish","format-standard","has-post-thumbnail","hentry","category-lombardie","category-milan"],"_links":{"self":[{"href":"https:\/\/www.studio.eklozia.fr\/lydiesevade\/wp-json\/wp\/v2\/posts\/2826","targetHints":{"allow":["GET"]}}],"collection":[{"href":"https:\/\/www.studio.eklozia.fr\/lydiesevade\/wp-json\/wp\/v2\/posts"}],"about":[{"href":"https:\/\/www.studio.eklozia.fr\/lydiesevade\/wp-json\/wp\/v2\/types\/post"}],"author":[{"embeddable":true,"href":"https:\/\/www.studio.eklozia.fr\/lydiesevade\/wp-json\/wp\/v2\/users\/1"}],"replies":[{"embeddable":true,"href":"https:\/\/www.studio.eklozia.fr\/lydiesevade\/wp-json\/wp\/v2\/comments?post=2826"}],"version-history":[{"count":1,"href":"https:\/\/www.studio.eklozia.fr\/lydiesevade\/wp-json\/wp\/v2\/posts\/2826\/revisions"}],"predecessor-version":[{"id":391790,"href":"https:\/\/www.studio.eklozia.fr\/lydiesevade\/wp-json\/wp\/v2\/posts\/2826\/revisions\/391790"}],"wp:featuredmedia":[{"embeddable":true,"href":"https:\/\/www.studio.eklozia.fr\/lydiesevade\/wp-json\/wp\/v2\/media\/2776"}],"wp:attachment":[{"href":"https:\/\/www.studio.eklozia.fr\/lydiesevade\/wp-json\/wp\/v2\/media?parent=2826"}],"wp:term":[{"taxonomy":"category","embeddable":true,"href":"https:\/\/www.studio.eklozia.fr\/lydiesevade\/wp-json\/wp\/v2\/categories?post=2826"}],"curies":[{"name":"wp","href":"https:\/\/api.w.org\/{rel}","templated":true}]}}