{"id":2947,"date":"2010-07-24T21:25:59","date_gmt":"2010-07-24T20:25:59","guid":{"rendered":"http:\/\/blog.lydie-boffy.net\/?p=2947"},"modified":"2025-08-18T17:14:04","modified_gmt":"2025-08-18T17:14:04","slug":"villa-reale-de-milan","status":"publish","type":"post","link":"https:\/\/www.studio.eklozia.fr\/lydiesevade\/villa-reale-de-milan\/","title":{"rendered":"Villa Reale de Milan"},"content":{"rendered":"<p style=\"text-align: justify;\">La <i> Villa Reale<\/i> est l&rsquo;un des mus\u00e9es civiques milanais. Sa construction a \u00e9t\u00e9 commandit\u00e9e par Ludwig Belgiojoso (1728-1801), grand serviteur des Habsbourg \u2013 Marie-Th\u00e9r\u00e8se, Joseph II&#8230; Construite \u00e0 la fin du XVIIIe si\u00e8cle et au tout d\u00e9but du XIXe si\u00e8cle par l&rsquo;architecte Leopoldo Pollack (1751-1806), elle constitue le t\u00e9moignage majeur de l&rsquo;architecture n\u00e9o-classique \u00e0 Milan. Si les b\u00e2timents sont termin\u00e9s entre 1790 et 1793, la d\u00e9coration et l&rsquo;am\u00e9nagement int\u00e9rieurs, principalement en style n\u00e9o-classique, prennent tout autant de temps. Peu apr\u00e8s son ach\u00e8vement, la <i>Villa Reale<\/i> passe aux mains des Fran\u00e7ais, et devient la r\u00e9sidence de Murat puis de Napol\u00e9on. Elle conna\u00eet plusieurs transformation au cours du XIXe. Depuis 1919, elle est la propri\u00e9t\u00e9 de la Ville de Milan qui la restaure et y installe sa <a title=\"Galleria Arte Moderna Milano\" href=\"http:\/\/www.gam-milano.com\/\" target=\"_blank\" rel=\"nofollow noopener\"><i>Galleria d&rsquo;Arte Moderna<\/i><\/a>. Voici quelques vues de l&rsquo;int\u00e9rieur\u00a0:<\/p>\n<div class=\"et_pb_slider et_pb_slider_fullwidth_off et_pb_gallery_post_type\">\n\t\t\t\t<div class=\"et_pb_slides\">\n\t\t\t\t\t\n\t\t\t\t<\/div>\n\t\t\t<\/div>\n<p>Le mus\u00e9e accueille les collections du XIXe si\u00e8cle de la Ville, principalement des tableaux et des sculptures. Beaucoup d&rsquo;\u0153uvres d&rsquo;Antonio Canova (1757- 1822) sont expos\u00e9es, comme la premi\u00e8re sculpture intitul\u00e9e <i>Ebe<\/i> (1799, gypse, 162 x 77,5 x 80 cm). La seconde est de Giovanni Pandiani (1809-1879) et s&rsquo;intitule <i>Egle al fonte<\/i> (1846, marbre 101 x 91 x 68,5 cm).<\/p>\n<div class=\"et_pb_slider et_pb_slider_fullwidth_off et_pb_gallery_post_type\">\n\t\t\t\t<div class=\"et_pb_slides\">\n\t\t\t\t\t\n\t\t\t\t<\/div>\n\t\t\t<\/div>\n<p>Au dernier \u00e9tage est expos\u00e9e la collection Grassi. Elle a \u00e9t\u00e9 constitu\u00e9e par Carlo Grassi, un riche homme d&rsquo;affaires, et donn\u00e9e par sa femme Nedda \u00e0 la Ville en 1956. La collection comporte quelques \u0153uvres s&rsquo;\u00e9talant du XIIIe au XVIIIe si\u00e8cle, des pi\u00e8ces provenant d&rsquo;Extr\u00eame-Orient, et principalement des \u0153uvres du XIXe si\u00e8cle europ\u00e9en (notamment fran\u00e7ais et italien) et de la premi\u00e8re moiti\u00e9 du XXe. La collection comporte plusieurs tableaux de Renoir, Van Gogh, Millet, Courbet ou encore Toulouse-Lautrec. Ci-dessous, un tableau d&rsquo;\u00c9douard Manet (1832-1883), <i>Il signor Arnaud a cavallo<\/i> (1875, huile sur toile, 153 x 221 cm).<\/p>\n<p><a href=\"http:\/\/lydiesevade.com\/wp-content\/uploads\/2010\/07\/Villa-Reale-Manet.jpg\" rel=\"nofollow noopener\" target=\"_blank\"><img decoding=\"async\" class=\"alignnone wp-image-2921 size-thumbnail\" src=\"http:\/\/lydiesevade.com\/wp-content\/uploads\/2010\/07\/Villa-Reale-Manet-150x150.jpg\" alt=\"Villa Reale-Manet\" width=\"150\" height=\"150\" \/><\/a><\/p>\n<p style=\"text-align: justify;\">Parmi les \u0153uvres du XXe si\u00e8cle de la collection Grassi, ce tableau du peintre et sculpteur futuriste Giacomo Balla (1871-1958). Celui-ci s&rsquo;attache en particulier \u00e0 repr\u00e9senter le mouvement et la vitesse, comme dans cette toile, <i>Velocit\u00e0 d&rsquo;automobile<\/i> (1913, huile sur papier sur carton, 93,8 x 64,7 cm).<\/p>\n<div class=\"et_pb_slider et_pb_slider_fullwidth_off et_pb_gallery_post_type\">\n\t\t\t\t<div class=\"et_pb_slides\">\n\t\t\t\t\t\n\t\t\t\t<\/div>\n\t\t\t<\/div>\n<p>[themify_hr color=\u00a0\u00bbdark-gray\u00a0\u00bb width=\u00a0\u00bb100%\u00a0\u00bb border_width=\u00a0\u00bb1&Prime; ]<\/p>\n<p><strong>La Villa Reale \u00e0 Milan :<\/strong><\/p>\n<p>[themify_map address=\u00a0\u00bbVilla Reale O Belgiojoso, Via Palestro, 20121 Milano\u00a0\u00bb width=\u00a0\u00bb100%\u00a0\u00bb zoom=\u00a0\u00bb14&Prime; type=\u00a0\u00bbroadmap\u00a0\u00bb ]<\/p>\n","protected":false},"excerpt":{"rendered":"<p>La Villa Reale est l&rsquo;un des mus\u00e9es civiques milanais. Construite \u00e0 la fin du XVIIIe si\u00e8cle et au tout d\u00e9but du XIXe si\u00e8cle, elle constitue le t\u00e9moignage majeur de l&rsquo;architecture n\u00e9o-classique \u00e0 Milan.<\/p>\n","protected":false},"author":1,"featured_media":2925,"comment_status":"open","ping_status":"open","sticky":false,"template":"","format":"standard","meta":{"_et_pb_use_builder":"","_et_pb_old_content":"","_et_gb_content_width":"","footnotes":""},"categories":[48,50],"class_list":["post-2947","post","type-post","status-publish","format-standard","has-post-thumbnail","hentry","category-lombardie","category-milan"],"_links":{"self":[{"href":"https:\/\/www.studio.eklozia.fr\/lydiesevade\/wp-json\/wp\/v2\/posts\/2947","targetHints":{"allow":["GET"]}}],"collection":[{"href":"https:\/\/www.studio.eklozia.fr\/lydiesevade\/wp-json\/wp\/v2\/posts"}],"about":[{"href":"https:\/\/www.studio.eklozia.fr\/lydiesevade\/wp-json\/wp\/v2\/types\/post"}],"author":[{"embeddable":true,"href":"https:\/\/www.studio.eklozia.fr\/lydiesevade\/wp-json\/wp\/v2\/users\/1"}],"replies":[{"embeddable":true,"href":"https:\/\/www.studio.eklozia.fr\/lydiesevade\/wp-json\/wp\/v2\/comments?post=2947"}],"version-history":[{"count":1,"href":"https:\/\/www.studio.eklozia.fr\/lydiesevade\/wp-json\/wp\/v2\/posts\/2947\/revisions"}],"predecessor-version":[{"id":391786,"href":"https:\/\/www.studio.eklozia.fr\/lydiesevade\/wp-json\/wp\/v2\/posts\/2947\/revisions\/391786"}],"wp:featuredmedia":[{"embeddable":true,"href":"https:\/\/www.studio.eklozia.fr\/lydiesevade\/wp-json\/"}],"wp:attachment":[{"href":"https:\/\/www.studio.eklozia.fr\/lydiesevade\/wp-json\/wp\/v2\/media?parent=2947"}],"wp:term":[{"taxonomy":"category","embeddable":true,"href":"https:\/\/www.studio.eklozia.fr\/lydiesevade\/wp-json\/wp\/v2\/categories?post=2947"}],"curies":[{"name":"wp","href":"https:\/\/api.w.org\/{rel}","templated":true}]}}