{"id":2957,"date":"2010-07-23T22:06:08","date_gmt":"2010-07-23T21:06:08","guid":{"rendered":"http:\/\/blog.lydie-boffy.net\/?p=2957"},"modified":"2025-08-18T17:14:38","modified_gmt":"2025-08-18T17:14:38","slug":"santa-maria-del-carmine","status":"publish","type":"post","link":"https:\/\/www.studio.eklozia.fr\/lydiesevade\/santa-maria-del-carmine\/","title":{"rendered":"Santa Maria del Carmine"},"content":{"rendered":"<p style=\"text-align: justify;\">Pour achever cette journ\u00e9e, nous nous sommes rendus \u00e0 Santa Maria del Carmine. Cette \u00e9glise a \u00e9t\u00e9 \u00e9difi\u00e9e au d\u00e9but du XVe si\u00e8cle sur des anciens b\u00e2timents carm\u00e9lites, d&rsquo;apr\u00e8s les plans de l&rsquo;architecte Bernardo da Venezia. A l&rsquo;int\u00e9rieur, les chapelles, certains \u00e9l\u00e9ments architecturaux et les objets de culte datent pour la plupart des XVIe et XVIIe si\u00e8cles.<\/p>\n<div class=\"et_pb_slider et_pb_slider_fullwidth_off et_pb_gallery_post_type\">\n\t\t\t\t<div class=\"et_pb_slides\">\n\t\t\t\t\t\n\t\t\t\t<\/div>\n\t\t\t<\/div>\n<h3 style=\"text-align: justify;\">Cappella della Madonna del Carmine<\/h3>\n<p style=\"text-align: justify;\">Cette petite chapelle \u00e0 droite du ch\u0153ur (lorsqu&rsquo;on est en face), est une petite merveille. Elle a \u00e9t\u00e9 \u00e9difi\u00e9e au XVIIe si\u00e8cle et les tableaux qui l&rsquo;ornent sont l\u2019\u0153uvre de Camillo Procaccini (1551-1629)&#8230; bref, vous l&rsquo;aurez remarqu\u00e9, elle sent la Contre-R\u00e9forme \u00e0 plein nez !<\/p>\n<div class=\"et_pb_slider et_pb_slider_fullwidth_off et_pb_gallery_post_type\">\n\t\t\t\t<div class=\"et_pb_slides\">\n\t\t\t\t\t\n\t\t\t\t<\/div>\n\t\t\t<\/div>\n<p>[themify_hr color=\u00a0\u00bbdark-gray\u00a0\u00bb width=\u00a0\u00bb100%\u00a0\u00bb border_width=\u00a0\u00bb1&Prime; ]<\/p>\n<p><strong>Santa Maria del Carmine \u00e0 Milan :<\/strong><\/p>\n<p>[themify_map address=\u00a0\u00bbSanta Maria del Carmine, Piazza del Carmine, 2, 20121 Milano\u00a0\u00bb width=\u00a0\u00bb100%\u00a0\u00bb zoom=\u00a0\u00bb14&Prime; type=\u00a0\u00bbroadmap\u00a0\u00bb ]<\/p>\n","protected":false},"excerpt":{"rendered":"<p>Cette \u00e9glise a \u00e9t\u00e9 \u00e9difi\u00e9e au d\u00e9but du XVe si\u00e8cle sur des anciens b\u00e2timents carm\u00e9lites, d&rsquo;apr\u00e8s les plans de l&rsquo;architecte Bernardo da Venezia.<\/p>\n","protected":false},"author":1,"featured_media":2841,"comment_status":"open","ping_status":"open","sticky":false,"template":"","format":"standard","meta":{"_et_pb_use_builder":"","_et_pb_old_content":"","_et_gb_content_width":"","footnotes":""},"categories":[48,50],"class_list":["post-2957","post","type-post","status-publish","format-standard","has-post-thumbnail","hentry","category-lombardie","category-milan"],"_links":{"self":[{"href":"https:\/\/www.studio.eklozia.fr\/lydiesevade\/wp-json\/wp\/v2\/posts\/2957","targetHints":{"allow":["GET"]}}],"collection":[{"href":"https:\/\/www.studio.eklozia.fr\/lydiesevade\/wp-json\/wp\/v2\/posts"}],"about":[{"href":"https:\/\/www.studio.eklozia.fr\/lydiesevade\/wp-json\/wp\/v2\/types\/post"}],"author":[{"embeddable":true,"href":"https:\/\/www.studio.eklozia.fr\/lydiesevade\/wp-json\/wp\/v2\/users\/1"}],"replies":[{"embeddable":true,"href":"https:\/\/www.studio.eklozia.fr\/lydiesevade\/wp-json\/wp\/v2\/comments?post=2957"}],"version-history":[{"count":1,"href":"https:\/\/www.studio.eklozia.fr\/lydiesevade\/wp-json\/wp\/v2\/posts\/2957\/revisions"}],"predecessor-version":[{"id":391788,"href":"https:\/\/www.studio.eklozia.fr\/lydiesevade\/wp-json\/wp\/v2\/posts\/2957\/revisions\/391788"}],"wp:featuredmedia":[{"embeddable":true,"href":"https:\/\/www.studio.eklozia.fr\/lydiesevade\/wp-json\/"}],"wp:attachment":[{"href":"https:\/\/www.studio.eklozia.fr\/lydiesevade\/wp-json\/wp\/v2\/media?parent=2957"}],"wp:term":[{"taxonomy":"category","embeddable":true,"href":"https:\/\/www.studio.eklozia.fr\/lydiesevade\/wp-json\/wp\/v2\/categories?post=2957"}],"curies":[{"name":"wp","href":"https:\/\/api.w.org\/{rel}","templated":true}]}}