{"id":391636,"date":"2025-07-09T16:05:00","date_gmt":"2025-07-09T15:05:00","guid":{"rendered":"https:\/\/www.lydiesevade.com\/?p=391636"},"modified":"2025-08-20T15:19:10","modified_gmt":"2025-08-20T15:19:10","slug":"reflexions-sport-entreprise","status":"publish","type":"post","link":"https:\/\/www.studio.eklozia.fr\/lydiesevade\/reflexions-sport-entreprise\/","title":{"rendered":"501 km \u00e0 v\u00e9lo et beaucoup en t\u00eate : un voyage sans injonction"},"content":{"rendered":"\n<p class=\"chapo\">501 km \u00e0 v\u00e9lo et 5828 m de d\u00e9nivel\u00e9 positif, seule, en 2,5 jours. Des (petites) sacoches, de la pluie, du vent et beaucoup de lumi\u00e8re.\nCe n\u2019est pas un exploit. Ce n\u2019est pas une m\u00e9taphore de mon travail. C\u2019est un besoin personnel.\nEt un peu de chance d\u2019avoir pu le faire, \u00e0 la derni\u00e8re minute, pour moi, sans enjeu.\nDans ce monde satur\u00e9 d\u2019\u00e9crans et d\u2019injonctions, je continue \u00e0 croire au mouvement. Mais un mouvement libre, accessible, imparfait&#8230; et surtout, gratifiant !<\/p>\n\n\n\n<p>Ce week-end, j\u2019ai entrepris un petit p\u00e9riple sur mon v\u00e9lo charg\u00e9 de quelques affaires. Pour tester le mat\u00e9riel et le corps apr\u00e8s une semaine de \u201cpr\u00e9fatigue\u201d. Pour le plaisir aussi &#8211; et surtout, parce que j\u2019ai la chance de pouvoir le faire.<\/p>\n\n\n\n<p>Mais ce que je partage ici n\u2019est ni un exploit, ni une le\u00e7on de management.<\/p>\n\n\n\n<p>Je ne vais pas vous parler de mindset ou de vision long terme.<br>Je lis trop de r\u00e9cits o\u00f9 le sport, et l\u2019ultra-endurance en particulier, deviennent une m\u00e9taphore de l\u2019entrepreneuriat\u2026 et cela m\u2019interroge de plus en plus.<\/p>\n\n\n\n<h2 class=\"wp-block-heading\">Est-ce que tout m\u00e9rite une morale entrepreneuriale ?<\/h2>\n\n\n\n<p>Si ce que j\u2019ai fait n\u2019a rien d\u2019un exploit, je sens d\u00e9j\u00e0 la tentation du r\u00e9cit h\u00e9ro\u00efque.<br>Je lis trop souvent :<\/p>\n\n\n\n<blockquote class=\"wp-block-quote is-layout-flow wp-block-quote-is-layout-flow\">\n<p>\u00ab\u00a0Gr\u00e2ce \u00e0 l\u2019ultra-trail, j\u2019ai appris \u00e0 entreprendre.\u00a0\u00bb<br>\u00ab\u00a0L\u2019endurance m\u2019a form\u00e9 au leadership.\u00a0\u00bb<br>\u00ab\u00a0Mon Ironman est ma plus belle strat\u00e9gie.\u00a0\u00bb<\/p>\n<\/blockquote>\n\n\n\n<p>Mais \u00e0 y regarder de plus pr\u00e8s\u2026 est-ce que le sport transforme vraiment notre vie d&rsquo;entrepreneur ou de salari\u00e9 ? Ou est-ce qu\u2019il r\u00e9v\u00e8le juste ce qu&rsquo;on avait d\u00e9j\u00e0 au fond de nous ? Est-ce qu&rsquo;il ne serait pas <strong>un lieu d\u2019\u00e9chapp\u00e9e<\/strong>, plus qu\u2019un outil de transfert ?<\/p>\n\n\n\n<p>Bien s\u00fbr, je n&rsquo;ai pas toutes les r\u00e9ponses.<br>On le sait, le sport peut r\u00e9v\u00e9ler des ressources, un mental, un \u00e9tat d\u2019esprit.<br>Me concernant, je travaille seule. Je p\u00e9dale seule. Je ne d\u00e9velopperai donc pas un esprit d\u2019\u00e9quipe \u00e0 toute \u00e9preuve : je d\u00e9veloppe autre chose. De l\u2019endurance et de la r\u00e9sistance, oui. Une forme de clart\u00e9, absolument. Et surtout, une grande libert\u00e9.<\/p>\n\n\n\n<p>Mais contrairement \u00e0 mon travail, <strong>si je m\u2019arr\u00eate\u2026 je ne perds rien<\/strong> &#8211; hors un peu de temps \u00e0 n\u00e9gocier avec mon propre ego.<br>Je ne joue pas ma survie. Je ne mets personne en danger. Je ne coule pas mon activit\u00e9.<\/p>\n\n\n\n<h3 class=\"wp-block-heading\">Je crois au mouvement. Pas \u00e0 la vitrine<\/h3>\n\n\n\n<p>Cela sonnera sans doute comme un manifeste : je crois profond\u00e9ment au sport pour tous.<br>\u00c0 l\u2019activit\u00e9 physique, au mouvement au quotidien, \u00e0 l\u2019id\u00e9e de <strong>sortir de soi et de son monde<\/strong> : sortir en pleine nature, sortir de l&rsquo;isolement social, sortir des \u00e9crans.<\/p>\n\n\n\n<p>Je crois \u00e0 la marche, au yoga, au badminton, au v\u00e9lo avec ses enfants.<br>Je crois aussi au sport de haut niveau, \u00e0 l\u2019engagement total qu&rsquo;il requiert &#8211; quand il est <strong>choisi, libre, assum\u00e9.<\/strong><br>Je crois enfin que, sans en faire un Graal \u00e0 atteindre, certains peuvent vivre une forme d&rsquo;exigence sportive. De la m\u00eame mani\u00e8re que dans l&rsquo;art ou toute pratique personnelle avanc\u00e9e.<\/p>\n\n\n\n<p>Mais je crois de moins en moins aux r\u00e9cits de surperformance vendus comme des mod\u00e8les.<br>D&rsquo;abord parce qu&rsquo;entre une pratique choisie et un travail (ind\u00e9pendant ou salari\u00e9), les enjeux ne sont absolument pas les m\u00eames.<br>Ensuite parce que le sport, en fonction de la pratique, <strong>n\u2019est pas toujours accessible<\/strong> : il faut du <strong>temps<\/strong>, parfois des <strong>moyens<\/strong>, toujours de l\u2019<strong>espace mental<\/strong>\u2026 et, on l\u2019oublie trop souvent, <strong>social<\/strong>. J&rsquo;entends par l\u00e0 une culture, un contexte, des autorisations (tacites ou non), que nous n&rsquo;avons pas tous.<\/p>\n\n\n\n<figure class=\"wp-block-gallery has-nested-images columns-default is-cropped wp-block-gallery-1 is-layout-flex wp-block-gallery-is-layout-flex\">\n<figure class=\"wp-block-image size-large\"><img decoding=\"async\" data-id=\"391644\" src=\"https:\/\/www.lydiesevade.com\/wp-content\/uploads\/2025\/07\/voyage-velo-lac-neuchatel-1024x771.jpg\" alt=\"\" class=\"wp-image-391644\"\/><figcaption class=\"wp-element-caption\">Sur la route : lac de Neuch\u00e2tel.<\/figcaption><\/figure>\n\n\n\n<figure class=\"wp-block-image size-large\"><img decoding=\"async\" data-id=\"391643\" src=\"https:\/\/www.lydiesevade.com\/wp-content\/uploads\/2025\/07\/voyage-velo-lac-morat-1024x771.jpg\" alt=\"\" class=\"wp-image-391643\"\/><figcaption class=\"wp-element-caption\">Lac de Morat.<\/figcaption><\/figure>\n<\/figure>\n\n\n\n<h3 class=\"wp-block-heading\">Ce qui me g\u00eane, c&rsquo;est la banalisation de certaines injonctions<\/h3>\n\n\n\n<p>\u2013 Les salari\u00e9s qu\u2019on pousse \u00e0 se d\u00e9passer comme des athl\u00e8tes.<br>\u2013 Les personnes malades dont on attend des efforts spectaculaires &#8211; en plus de la fameuse \u201cr\u00e9silience\u201d, dont on pourrait largement reparler&#8230;<br>\u2013 Les chefs d\u2019entreprise qu\u2019on f\u00e9licite pour avoir g\u00e9r\u00e9 leur bo\u00eete et leur trail de 180 km&#8230; presque comme si c&rsquo;\u00e9tait normal et \u00e0 la port\u00e9e de tous.<\/p>\n\n\n\n<p>Et tous ceux qu\u2019on oublie &#8211; parce qu\u2019ils ne font \u201cque\u201d 5 km. Parce qu\u2019ils ne le racontent pas. Parce qu\u2019ils n\u2019en font pas un r\u00e9cit.<\/p>\n\n\n\n<h3 class=\"wp-block-heading\">Quand on y r\u00e9fl\u00e9chit, j\u2019ai juste p\u00e9dal\u00e9<\/h3>\n\n\n\n<p>J&rsquo;ai pris des coups de chaud, pein\u00e9 dans quelques mont\u00e9es, l\u00e2ch\u00e9 les freins dans les descentes et remerci\u00e9 une barmaid suisse pour ses gla\u00e7ons dans mes bidons.<br>J&rsquo;ai fini tremp\u00e9e, en tenue d\u2019hiver\u2026 mais heureuse et avec cette d\u00e9licieuse sensation d&rsquo;\u00eatre pleinement vivante.<\/p>\n\n\n\n<p>Ce n\u2019\u00e9tait pas une course \u00e0 la l\u00e9gitimit\u00e9, mais des moments pour moi &#8211; parce que j&rsquo;en ai besoin pour me sentir bien.<br>De la libert\u00e9, des paysages, du soleil, du vent\u2026 et, oui, un peu de chance.<\/p>\n\n\n\n<figure class=\"wp-block-image size-large\"><img decoding=\"async\" src=\"https:\/\/www.lydiesevade.com\/wp-content\/uploads\/2025\/07\/cyclotourisme-lac-ilay-1024x771.jpg\" alt=\"\" class=\"wp-image-391645\"\/><figcaption class=\"wp-element-caption\">Une pause humide au lac d&rsquo;Ilay (Jura)<\/figcaption><\/figure>\n\n\n\n<h3 class=\"wp-block-heading\">Je ne me referai pas&#8230;<\/h3>\n\n\n\n<p>Bien s\u00fbr\u2026 ce n\u2019est pas pour autant que j\u2019arr\u00eaterai de lire les r\u00e9cits des Iron(wo)men. Les lire avec int\u00e9r\u00eat\u2026 et un brin de recul. Ce n&rsquo;est pas pour autant non plus que j&rsquo;arr\u00eaterai de partager mes entra\u00eenements, mes courses, mes doutes, mes (petits) p\u00e9riples.<br>Mais sans injonction aucune, ni invitation \u00e0 m&rsquo;imiter, sauf sur deux points : bougez et sortez dehors !<\/p>\n","protected":false},"excerpt":{"rendered":"<p>501 km \u00e0 v\u00e9lo et 5828 m de d\u00e9nivel\u00e9 positif, seule, en 2,5 jours. Des (petites) sacoches, de la pluie, du vent et beaucoup de lumi\u00e8re. Ce n\u2019est pas un exploit. Ce n\u2019est pas une m\u00e9taphore de mon travail. C\u2019est un besoin personnel. Et un peu de chance d\u2019avoir pu le faire, \u00e0 la derni\u00e8re [&hellip;]<\/p>\n","protected":false},"author":1,"featured_media":2773,"comment_status":"open","ping_status":"open","sticky":false,"template":"","format":"standard","meta":{"_et_pb_use_builder":"off","_et_pb_old_content":"","_et_gb_content_width":"","footnotes":""},"categories":[64,80],"class_list":["post-391636","post","type-post","status-publish","format-standard","has-post-thumbnail","hentry","category-dans-mes-baskets","category-vie-pro"],"_links":{"self":[{"href":"https:\/\/www.studio.eklozia.fr\/lydiesevade\/wp-json\/wp\/v2\/posts\/391636","targetHints":{"allow":["GET"]}}],"collection":[{"href":"https:\/\/www.studio.eklozia.fr\/lydiesevade\/wp-json\/wp\/v2\/posts"}],"about":[{"href":"https:\/\/www.studio.eklozia.fr\/lydiesevade\/wp-json\/wp\/v2\/types\/post"}],"author":[{"embeddable":true,"href":"https:\/\/www.studio.eklozia.fr\/lydiesevade\/wp-json\/wp\/v2\/users\/1"}],"replies":[{"embeddable":true,"href":"https:\/\/www.studio.eklozia.fr\/lydiesevade\/wp-json\/wp\/v2\/comments?post=391636"}],"version-history":[{"count":1,"href":"https:\/\/www.studio.eklozia.fr\/lydiesevade\/wp-json\/wp\/v2\/posts\/391636\/revisions"}],"predecessor-version":[{"id":391740,"href":"https:\/\/www.studio.eklozia.fr\/lydiesevade\/wp-json\/wp\/v2\/posts\/391636\/revisions\/391740"}],"wp:featuredmedia":[{"embeddable":true,"href":"https:\/\/www.studio.eklozia.fr\/lydiesevade\/wp-json\/wp\/v2\/media\/2773"}],"wp:attachment":[{"href":"https:\/\/www.studio.eklozia.fr\/lydiesevade\/wp-json\/wp\/v2\/media?parent=391636"}],"wp:term":[{"taxonomy":"category","embeddable":true,"href":"https:\/\/www.studio.eklozia.fr\/lydiesevade\/wp-json\/wp\/v2\/categories?post=391636"}],"curies":[{"name":"wp","href":"https:\/\/api.w.org\/{rel}","templated":true}]}}