{"id":5402,"date":"2010-07-26T22:21:51","date_gmt":"2010-07-26T21:21:51","guid":{"rendered":"http:\/\/blog.lydie-boffy.net\/?p=5402"},"modified":"2025-08-18T17:13:48","modified_gmt":"2025-08-18T17:13:48","slug":"trasporti","status":"publish","type":"post","link":"https:\/\/www.studio.eklozia.fr\/lydiesevade\/trasporti\/","title":{"rendered":"Trasporti"},"content":{"rendered":"<p>[et_pb_section admin_label=\u00a0\u00bbsection\u00a0\u00bb][et_pb_row admin_label=\u00a0\u00bbrow\u00a0\u00bb][et_pb_column type=\u00a0\u00bb4_4&Prime;][et_pb_text admin_label=\u00a0\u00bbTexte\u00a0\u00bb background_layout=\u00a0\u00bblight\u00a0\u00bb text_orientation=\u00a0\u00bbleft\u00a0\u00bb use_border_color=\u00a0\u00bboff\u00a0\u00bb border_color=\u00a0\u00bb#ffffff\u00a0\u00bb border_style=\u00a0\u00bbsolid\u00a0\u00bb]<\/p>\n<h3 style=\"text-align: justify;\">Tramway de Milan<\/h3>\n<p style=\"text-align: justify;\">Pendant toute la dur\u00e9e du s\u00e9jour, nous avons pu admirer les trams milanais. Les premi\u00e8res lignes datent du XIXe si\u00e8cle\u00a0; le tramway a \u00e9t\u00e9 inaugur\u00e9 en 1876. Le r\u00e9seau urbain, de 160 km, est le plus long en Italie apr\u00e8s celui de Turin (220 km). Les tramways font v\u00e9ritablement partie du paysage milanais. En se promenant dans Milan, l&rsquo;on a litt\u00e9ralement sous les yeux une exposition de mod\u00e8les de trams, des plus anciens, datant de la fin des ann\u00e9es 1920, aux plus r\u00e9cents, des ann\u00e9es 2000, dessin\u00e9s par Pininfarina.<\/p>\n<p style=\"text-align: justify;\">Les plus embl\u00e9matiques de la ville sont certainement ceux de la s\u00e9rie \u00ab\u00a01500\u00a0\u00bb, mis en service entre 1928 et 1932, et surnomm\u00e9s <i>Ventotto<\/i> ou <i>Carrelli<\/i>. 163 de ces trams sont toujours en circulation \u00e0 Milan \u2013 sur 502 \u00e0 l&rsquo;origine \u2013 et forment la pierre angulaire du r\u00e9seau. Certains sont \u00e9galement en circulation sur la fameuse ligne F du tramway de San Francisco [1]. Voici, roulant sur la <i>Viale Vittorio Veneto<\/i>, l&rsquo;un de ces trams de la s\u00e9rie \u00ab\u00a01500\u00a0\u00bb.<\/p>\n<p>[\/et_pb_text][et_pb_video admin_label=\u00a0\u00bbVid\u00e9o\u00a0\u00bb src=\u00a0\u00bbhttps:\/\/www.youtube.com\/watch?v=uywnMeFnV1U\u00a0\u00bb image_src=\u00a0\u00bbhttp:\/\/lydiesevade.com\/wp-content\/uploads\/2010\/07\/Tram.jpg\u00a0\u00bb] [\/et_pb_video][et_pb_text admin_label=\u00a0\u00bbTexte\u00a0\u00bb background_layout=\u00a0\u00bblight\u00a0\u00bb text_orientation=\u00a0\u00bbleft\u00a0\u00bb use_border_color=\u00a0\u00bboff\u00a0\u00bb border_color=\u00a0\u00bb#ffffff\u00a0\u00bb border_style=\u00a0\u00bbsolid\u00a0\u00bb]<\/p>\n<h3 style=\"text-align: justify;\"><i>Metropolitana di Milano<\/i><\/h3>\n<p style=\"text-align: justify;\"><img decoding=\"async\" class=\"aligncenter\" style=\"border: 0pt none; width: 595px; height: 1px;\" src=\"http:\/\/www.lydie-boffy.net\/meszaventures\/wp-content\/themes\/hello-d\/images\/Traittitre.png\" alt=\"\" \/>Nous avons \u00e9galement emprunt\u00e9 le m\u00e9tro milanais. Trois lignes sont actuellement en service. Le r\u00e9seau, inaugur\u00e9 en 1964, s&rsquo;\u00e9tend actuellement sur 83,5 km [2]. Les wagons dans lesquels nous sommes mont\u00e9s sont plut\u00f4t spacieux, les espaces de circulation sont assez grands, et surtout, des ventilateurs et brumisateurs permettent de ne pas \u00e9touffer&#8230;<\/p>\n<p>[\/et_pb_text][et_pb_video admin_label=\u00a0\u00bbVid\u00e9o\u00a0\u00bb src=\u00a0\u00bbhttps:\/\/www.youtube.com\/watch?v=TiKf7YsCZjA\u00a0\u00bb image_src=\u00a0\u00bbhttp:\/\/lydiesevade.com\/wp-content\/uploads\/2010\/07\/Metro-video.jpg\u00a0\u00bb] [\/et_pb_video][\/et_pb_column][\/et_pb_row][et_pb_row admin_label=\u00a0\u00bbLigne\u00a0\u00bb][et_pb_column type=\u00a0\u00bb1_2&Prime;][et_pb_image admin_label=\u00a0\u00bbImage\u00a0\u00bb src=\u00a0\u00bbhttp:\/\/lydiesevade.com\/wp-content\/uploads\/2016\/06\/Ticket.jpg\u00a0\u00bb show_in_lightbox=\u00a0\u00bbon\u00a0\u00bb url_new_window=\u00a0\u00bboff\u00a0\u00bb use_overlay=\u00a0\u00bbon\u00a0\u00bb animation=\u00a0\u00bboff\u00a0\u00bb sticky=\u00a0\u00bboff\u00a0\u00bb align=\u00a0\u00bbleft\u00a0\u00bb force_fullwidth=\u00a0\u00bboff\u00a0\u00bb always_center_on_mobile=\u00a0\u00bbon\u00a0\u00bb use_border_color=\u00a0\u00bboff\u00a0\u00bb border_color=\u00a0\u00bb#ffffff\u00a0\u00bb border_style=\u00a0\u00bbsolid\u00a0\u00bb] [\/et_pb_image][\/et_pb_column][et_pb_column type=\u00a0\u00bb1_2&Prime;][et_pb_image admin_label=\u00a0\u00bbImage\u00a0\u00bb src=\u00a0\u00bbhttp:\/\/lydiesevade.com\/wp-content\/uploads\/2016\/06\/Metro.jpg\u00a0\u00bb show_in_lightbox=\u00a0\u00bbon\u00a0\u00bb url_new_window=\u00a0\u00bboff\u00a0\u00bb use_overlay=\u00a0\u00bbon\u00a0\u00bb animation=\u00a0\u00bboff\u00a0\u00bb sticky=\u00a0\u00bboff\u00a0\u00bb align=\u00a0\u00bbleft\u00a0\u00bb force_fullwidth=\u00a0\u00bboff\u00a0\u00bb always_center_on_mobile=\u00a0\u00bbon\u00a0\u00bb use_border_color=\u00a0\u00bboff\u00a0\u00bb border_color=\u00a0\u00bb#ffffff\u00a0\u00bb border_style=\u00a0\u00bbsolid\u00a0\u00bb] [\/et_pb_image][\/et_pb_column][\/et_pb_row][et_pb_row admin_label=\u00a0\u00bbrow\u00a0\u00bb][et_pb_column type=\u00a0\u00bb4_4&Prime;][et_pb_text admin_label=\u00a0\u00bbTexte\u00a0\u00bb background_layout=\u00a0\u00bblight\u00a0\u00bb text_orientation=\u00a0\u00bbleft\u00a0\u00bb use_border_color=\u00a0\u00bboff\u00a0\u00bb border_color=\u00a0\u00bb#ffffff\u00a0\u00bb border_style=\u00a0\u00bbsolid\u00a0\u00bb]<\/p>\n<p>[1] Article sur le <a href=\"http:\/\/it.wikipedia.org\/wiki\/Metropolitana_di_Milano\" rel=\"nofollow noopener\" target=\"_blank\">m\u00e9tro milanais<\/a>.<\/p>\n<p>[2] Pour plus de renseignements sur les tramways milanais et la s\u00e9rie \u00ab\u00a01500\u00a0\u00bb, voir <a href=\"http:\/\/it.wikipedia.org\/wiki\/Vettura_a_carrelli_tipo_1928\" rel=\"nofollow noopener\" target=\"_blank\">cet article<\/a>.<\/p>\n<p>[\/et_pb_text][\/et_pb_column][\/et_pb_row][\/et_pb_section]<\/p>\n","protected":false},"excerpt":{"rendered":"<p>Pendant toute la dur\u00e9e du s\u00e9jour, nous avons pu admirer les trams milanais. Les premi\u00e8res lignes datent du XIXe si\u00e8cle ; le tramway a \u00e9t\u00e9 inaugur\u00e9 en 1876. Le r\u00e9seau urbain, de 160 km, est le plus long en Italie apr\u00e8s celui de Turin. Les tramways font v\u00e9ritablement partie du paysage milanais. En se promenant dans Milan, l&rsquo;on a litt\u00e9ralement sous les yeux une exposition de mod\u00e8les de trams, des plus anciens, datant de la fin des ann\u00e9es 1920, aux plus r\u00e9cents, des ann\u00e9es 2000, dessin\u00e9s par Pininfarina&#8230;<\/p>\n","protected":false},"author":1,"featured_media":5411,"comment_status":"open","ping_status":"open","sticky":false,"template":"","format":"standard","meta":{"_et_pb_use_builder":"on","_et_pb_old_content":"","_et_gb_content_width":"","footnotes":""},"categories":[48,50],"class_list":["post-5402","post","type-post","status-publish","format-standard","has-post-thumbnail","hentry","category-lombardie","category-milan"],"_links":{"self":[{"href":"https:\/\/www.studio.eklozia.fr\/lydiesevade\/wp-json\/wp\/v2\/posts\/5402","targetHints":{"allow":["GET"]}}],"collection":[{"href":"https:\/\/www.studio.eklozia.fr\/lydiesevade\/wp-json\/wp\/v2\/posts"}],"about":[{"href":"https:\/\/www.studio.eklozia.fr\/lydiesevade\/wp-json\/wp\/v2\/types\/post"}],"author":[{"embeddable":true,"href":"https:\/\/www.studio.eklozia.fr\/lydiesevade\/wp-json\/wp\/v2\/users\/1"}],"replies":[{"embeddable":true,"href":"https:\/\/www.studio.eklozia.fr\/lydiesevade\/wp-json\/wp\/v2\/comments?post=5402"}],"version-history":[{"count":1,"href":"https:\/\/www.studio.eklozia.fr\/lydiesevade\/wp-json\/wp\/v2\/posts\/5402\/revisions"}],"predecessor-version":[{"id":391785,"href":"https:\/\/www.studio.eklozia.fr\/lydiesevade\/wp-json\/wp\/v2\/posts\/5402\/revisions\/391785"}],"wp:featuredmedia":[{"embeddable":true,"href":"https:\/\/www.studio.eklozia.fr\/lydiesevade\/wp-json\/"}],"wp:attachment":[{"href":"https:\/\/www.studio.eklozia.fr\/lydiesevade\/wp-json\/wp\/v2\/media?parent=5402"}],"wp:term":[{"taxonomy":"category","embeddable":true,"href":"https:\/\/www.studio.eklozia.fr\/lydiesevade\/wp-json\/wp\/v2\/categories?post=5402"}],"curies":[{"name":"wp","href":"https:\/\/api.w.org\/{rel}","templated":true}]}}